{"id":1707,"date":"2019-03-29T11:39:48","date_gmt":"2019-03-29T17:39:48","guid":{"rendered":"http:\/\/diariodigitalmx.com\/?p=1707"},"modified":"2019-03-29T11:39:49","modified_gmt":"2019-03-29T17:39:49","slug":"cae-politico-mexicano-que-distribuyo-droga-de-el-chapo-guzman-en-eeuu","status":"publish","type":"post","link":"https:\/\/diariodigitalmx.com\/index.php\/2019\/03\/29\/cae-politico-mexicano-que-distribuyo-droga-de-el-chapo-guzman-en-eeuu\/","title":{"rendered":"Cae pol\u00edtico mexicano que distribuy\u00f3 droga de \u2018El Chapo\u2019 Guzm\u00e1n en EEUU"},"content":{"rendered":"\n<p> 17 de los integrantes de la banda de Gil Campos han sido declarados culplables. \u00c9l est\u00e1 a la espera de ser sentenciado por delitos de narcotr\u00e1fico y lavado de dinero <\/p>\n\n\n\n<p><\/p>\n\n\n\n<p><strong>Jos\u00e9 Rub\u00e9n Gil Campos<\/strong>&nbsp;ha sido&nbsp;<strong>pol\u00edtico, narcotraficante y empresario<\/strong>. Lo apodan el \u201c<strong>alcalde de M\u00e9xico<\/strong>\u201c, aunque solo durante 40 d\u00edas fue alcalde de su ciudad natal en el estado de Puebla. En 2008, al poco tiempo de asumir la alcald\u00eda, fue arrestado en el aeropuerto de LAX. Lo acusaron de distribuir&nbsp;<strong>11 kilos&nbsp;<\/strong><strong>de&nbsp;<a href=\"https:\/\/laopinion.com\/tema\/cocaina\/\">coca\u00edna<\/a>&nbsp;en Nueva York<\/strong>. Fue entonces cuando lo destituyeron de su puesto de servicio p\u00fablico.<\/p>\n\n\n\n<p>Pero la cosa no termin\u00f3 ah\u00ed. Adem\u00e1s de l\u00edder comunitario en Los \u00c1ngeles y fundador de oficinas del gobierno de Puebla, Gil Campos tambi\u00e9n era un exitoso empresario en Estados Unidos. Ten\u00eda una empresa de<strong>&nbsp;transporte de pepinos de mar<\/strong>&nbsp;con sedes en Los \u00c1ngeles y en Nueva York. Seg\u00fan el testimonio en la corte de&nbsp;<strong>Alex Pozo<\/strong>, un agente especial de la Administraci\u00f3n para el Control de Drogas (<a href=\"https:\/\/laopinion.com\/tema\/dea\/\"><strong>DEA<\/strong><\/a>) en Los \u00c1ngeles, el mexicano utiliz\u00f3 este negocio para enviar sustancias il\u00edcitas a distintas ciudades estadounidenses.<\/p>\n\n\n\n<p>La primera vez que sali\u00f3 de la c\u00e1rcel -unos a\u00f1os despu\u00e9s de ser detenido en LAX- el narcotraficante&nbsp;<strong>volvi\u00f3 a la vida p\u00fablica \u201ccomo si nada hubiera pasado<\/strong>\u201d -delar\u00f3 a Univision un activista an\u00f3nimo. Sin embargo,&nbsp;<strong>en 2014 el l\u00edder comunitario fue arrestado de nuevo<\/strong>. La DEA hab\u00eda encontrado&nbsp;<strong>cinco kilos de coca\u00edna&nbsp;<\/strong>en su bodega de&nbsp;la ciudad de Commerce (condado de Los \u00c1ngeles, California) y le decomis\u00f3&nbsp;<strong>otros dos<\/strong>&nbsp;dentro de un paquete entregado a una oficina postal.&nbsp;<\/p>\n\n\n\n<figure><iframe loading=\"lazy\" src=\"https:\/\/tpc.googlesyndication.com\/safeframe\/1-0-32\/html\/container.html\" width=\"0\" height=\"304\"><\/iframe><\/figure>\n\n\n\n<p>Desde entonces&nbsp;<strong>se ha ido desmantelando su organizaci\u00f3n<\/strong>;&nbsp;dedicada a distribuir en Estados Unidos coca\u00edna, hero\u00edna y fentanilo del&nbsp;<strong>cartel de Sinaloa<\/strong>. El relevo del l\u00edder lo asumi\u00f3&nbsp;<strong>Martha Aguirre<\/strong>, que adem\u00e1s, sigui\u00f3 blanqueando el dinero que ganaban del narcotr\u00e1fico. Por estas actividades, el gobierno trata de decomisarle a ella m\u00e1s de 40 millones de d\u00f3lares y a su antecesor 12 millones de d\u00f3lares.&nbsp;<\/p>\n\n\n\n<p><strong>17 de los integrantes de la banda de Gil Campos han sido declarados culplables<\/strong>&nbsp;por&nbsp;una corte del Distrito Oeste de Nueva York. Sin ir m\u00e1s lejos, este martes fue convicta la propia&nbsp;<a href=\"https:\/\/www.justice.gov\/usao-wdny\/pr\/federal-jury-convicts-two-defendants-narcotics-and-money-laundering-conspiracies\" target=\"_blank\" rel=\"noreferrer noopener\">Aguirre junto a Juan Alfaro<\/a>. Ambos se enfrentan a condenas de entre&nbsp;<strong>diez a\u00f1os de prisi\u00f3n a cadena perpetua<\/strong>.<a href=\"https:\/\/twitter.com\/DEANEWYORKDiv\/status\/1110894797697499136\/photo\/1\">Ver imagen en Twitter<\/a><br><\/p>\n","protected":false},"excerpt":{"rendered":"<p>17 de los integrantes de la banda de Gil Campos han sido declarados culplables. \u00c9l est\u00e1 a la espera de ser sentenciado por delitos de narcotr\u00e1fico y lavado de dinero Jos\u00e9 Rub\u00e9n Gil Campos&nbsp;ha sido&nbsp;pol\u00edtico, narcotraficante y empresario. Lo apodan el \u201calcalde de M\u00e9xico\u201c, aunque solo durante 40 d\u00edas fue alcalde de su ciudad natal [&hellip;]<\/p>\n","protected":false},"author":1,"featured_media":1708,"comment_status":"open","ping_status":"open","sticky":true,"template":"","format":"standard","meta":{"footnotes":""},"categories":[4],"tags":[],"_links":{"self":[{"href":"https:\/\/diariodigitalmx.com\/index.php\/wp-json\/wp\/v2\/posts\/1707"}],"collection":[{"href":"https:\/\/diariodigitalmx.com\/index.php\/wp-json\/wp\/v2\/posts"}],"about":[{"href":"https:\/\/diariodigitalmx.com\/index.php\/wp-json\/wp\/v2\/types\/post"}],"author":[{"embeddable":true,"href":"https:\/\/diariodigitalmx.com\/index.php\/wp-json\/wp\/v2\/users\/1"}],"replies":[{"embeddable":true,"href":"https:\/\/diariodigitalmx.com\/index.php\/wp-json\/wp\/v2\/comments?post=1707"}],"version-history":[{"count":1,"href":"https:\/\/diariodigitalmx.com\/index.php\/wp-json\/wp\/v2\/posts\/1707\/revisions"}],"predecessor-version":[{"id":1709,"href":"https:\/\/diariodigitalmx.com\/index.php\/wp-json\/wp\/v2\/posts\/1707\/revisions\/1709"}],"wp:featuredmedia":[{"embeddable":true,"href":"https:\/\/diariodigitalmx.com\/index.php\/wp-json\/wp\/v2\/media\/1708"}],"wp:attachment":[{"href":"https:\/\/diariodigitalmx.com\/index.php\/wp-json\/wp\/v2\/media?parent=1707"}],"wp:term":[{"taxonomy":"category","embeddable":true,"href":"https:\/\/diariodigitalmx.com\/index.php\/wp-json\/wp\/v2\/categories?post=1707"},{"taxonomy":"post_tag","embeddable":true,"href":"https:\/\/diariodigitalmx.com\/index.php\/wp-json\/wp\/v2\/tags?post=1707"}],"curies":[{"name":"wp","href":"https:\/\/api.w.org\/{rel}","templated":true}]}}