{"id":17070,"date":"2019-11-18T16:50:10","date_gmt":"2019-11-18T22:50:10","guid":{"rendered":"http:\/\/diariodigitalmx.com\/?p=17070"},"modified":"2019-11-18T16:54:39","modified_gmt":"2019-11-18T22:54:39","slug":"17070","status":"publish","type":"post","link":"https:\/\/diariodigitalmx.com\/index.php\/2019\/11\/18\/17070\/","title":{"rendered":"Planta Escobedo \u00e1rbol 2,500; rehabilitan plaza en Paseo Real para la convivencia familiar"},"content":{"rendered":"\n<p><br><\/p>\n\n\n\n<p>En su compromiso de generar acciones que ayuden a mejorar la calidad del aire, la Alcaldesa Clara Luz Flores Carrales, acompa\u00f1ada de vecinos, plant\u00f3 el \u00e1rbol n\u00famero 2 mil 500, en la Colonia Paseo Real.&nbsp;<br><\/p>\n\n\n\n<p>Al rehabilitar una plaza p\u00fablica, donde se sembraron 40 \u00e1rboles de la regi\u00f3n, se lleg\u00f3 a esta cantidad de un total de 7 mil que se tienen contemplados.&nbsp;<\/p>\n\n\n\n<p><br><\/p>\n\n\n\n<figure class=\"wp-block-image\"><img loading=\"lazy\" decoding=\"async\" width=\"1024\" height=\"683\" src=\"http:\/\/diariodigitalmx.com\/wp-content\/uploads\/2019\/11\/IMG_0225-1024x683.jpg\" alt=\"\" class=\"wp-image-17076\" srcset=\"https:\/\/diariodigitalmx.com\/wp-content\/uploads\/2019\/11\/IMG_0225-1024x683.jpg 1024w, https:\/\/diariodigitalmx.com\/wp-content\/uploads\/2019\/11\/IMG_0225-300x200.jpg 300w, https:\/\/diariodigitalmx.com\/wp-content\/uploads\/2019\/11\/IMG_0225-768x512.jpg 768w, https:\/\/diariodigitalmx.com\/wp-content\/uploads\/2019\/11\/IMG_0225.jpg 1366w\" sizes=\"(max-width: 1024px) 100vw, 1024px\" \/><\/figure>\n\n\n\n<p>\u201cEstamos muy comprometidos en mejorar la calidad del aire y hacernos una cultura de concientizaci\u00f3n tanto nosotros como gobierno como para la&nbsp;ciudadan\u00eda\u201d, dijo la Edil<br><\/p>\n\n\n\n<p>\u201cSembramos el \u00e1rbol 2 mil 500 de esta Administraci\u00f3n de una meta que nos pusimos de 7 mil\u201d.&nbsp;<\/p>\n\n\n\n<p><br><\/p>\n\n\n\n<figure class=\"wp-block-image\"><img loading=\"lazy\" decoding=\"async\" width=\"1024\" height=\"683\" src=\"http:\/\/diariodigitalmx.com\/wp-content\/uploads\/2019\/11\/IMG_0346-1024x683.jpg\" alt=\"\" class=\"wp-image-17079\" srcset=\"https:\/\/diariodigitalmx.com\/wp-content\/uploads\/2019\/11\/IMG_0346-1024x683.jpg 1024w, https:\/\/diariodigitalmx.com\/wp-content\/uploads\/2019\/11\/IMG_0346-300x200.jpg 300w, https:\/\/diariodigitalmx.com\/wp-content\/uploads\/2019\/11\/IMG_0346-768x512.jpg 768w, https:\/\/diariodigitalmx.com\/wp-content\/uploads\/2019\/11\/IMG_0346.jpg 1366w\" sizes=\"(max-width: 1024px) 100vw, 1024px\" \/><\/figure>\n\n\n\n<p>Adem\u00e1s de la plantaci\u00f3n, en el espacio, ubicado entre las calles Jos\u00e9 Luis Cuevas y Abasolo, tambi\u00e9n se realizaron trabajos de barrido, deshierbe y limpieza, para fomento de la convivencia familiar.&nbsp;<\/p>\n\n\n\n<p><br><\/p>\n\n\n\n<figure class=\"wp-block-image\"><img loading=\"lazy\" decoding=\"async\" width=\"1024\" height=\"683\" src=\"http:\/\/diariodigitalmx.com\/wp-content\/uploads\/2019\/11\/IMG_0194-1024x683.jpg\" alt=\"\" class=\"wp-image-17083\" srcset=\"https:\/\/diariodigitalmx.com\/wp-content\/uploads\/2019\/11\/IMG_0194-1024x683.jpg 1024w, https:\/\/diariodigitalmx.com\/wp-content\/uploads\/2019\/11\/IMG_0194-300x200.jpg 300w, https:\/\/diariodigitalmx.com\/wp-content\/uploads\/2019\/11\/IMG_0194-768x512.jpg 768w, https:\/\/diariodigitalmx.com\/wp-content\/uploads\/2019\/11\/IMG_0194.jpg 1366w\" sizes=\"(max-width: 1024px) 100vw, 1024px\" \/><\/figure>\n\n\n\n<p>\u201cHay muchas finalidades con la plantaci\u00f3n de \u00e1rboles: la integraci\u00f3n entre las familias, vivir en un entorno mejor, que los vecinos se involucren en lo que hace el Municipio.<br><\/p>\n\n\n\n<p>\u201cEstamos haciendo como bosquecitos aislados en diferentes colonias, precisamente para bajar la contaminaci\u00f3n, que la gente aprenda a respetar el medio ambiente y mejorar la calidad del aire\u201d.<br><\/p>\n\n\n\n<p><br><\/p>\n\n\n\n<figure class=\"wp-block-image\"><img loading=\"lazy\" decoding=\"async\" width=\"1024\" height=\"683\" src=\"http:\/\/diariodigitalmx.com\/wp-content\/uploads\/2019\/11\/IMG_0187-1-1024x683.jpg\" alt=\"\" class=\"wp-image-17081\" srcset=\"https:\/\/diariodigitalmx.com\/wp-content\/uploads\/2019\/11\/IMG_0187-1-1024x683.jpg 1024w, https:\/\/diariodigitalmx.com\/wp-content\/uploads\/2019\/11\/IMG_0187-1-300x200.jpg 300w, https:\/\/diariodigitalmx.com\/wp-content\/uploads\/2019\/11\/IMG_0187-1-768x512.jpg 768w, https:\/\/diariodigitalmx.com\/wp-content\/uploads\/2019\/11\/IMG_0187-1.jpg 1366w\" sizes=\"(max-width: 1024px) 100vw, 1024px\" \/><\/figure>\n\n\n\n<p>Flores Carrales mencion\u00f3 que adem\u00e1s de reforestar diversas zonas en el Municipio, su Administraci\u00f3n tambi\u00e9n est\u00e1 realizando campa\u00f1as de reciclaje, colocaci\u00f3n de barreras verdes e instalaci\u00f3n de medidores de calidad del aire en los parques lineales.&nbsp;<\/p>\n\n\n\n<figure class=\"wp-block-image\"><img loading=\"lazy\" decoding=\"async\" width=\"1024\" height=\"683\" src=\"http:\/\/diariodigitalmx.com\/wp-content\/uploads\/2019\/11\/IMG_0277-1024x683.jpg\" alt=\"\" class=\"wp-image-17086\" srcset=\"https:\/\/diariodigitalmx.com\/wp-content\/uploads\/2019\/11\/IMG_0277-1024x683.jpg 1024w, https:\/\/diariodigitalmx.com\/wp-content\/uploads\/2019\/11\/IMG_0277-300x200.jpg 300w, https:\/\/diariodigitalmx.com\/wp-content\/uploads\/2019\/11\/IMG_0277-768x512.jpg 768w, https:\/\/diariodigitalmx.com\/wp-content\/uploads\/2019\/11\/IMG_0277.jpg 1366w\" sizes=\"(max-width: 1024px) 100vw, 1024px\" \/><\/figure>\n","protected":false},"excerpt":{"rendered":"<p>En su compromiso de generar acciones que ayuden a mejorar la calidad del aire, la Alcaldesa Clara Luz Flores Carrales, acompa\u00f1ada de vecinos, plant\u00f3 el \u00e1rbol n\u00famero 2 mil 500, en la Colonia Paseo Real.&nbsp; Al rehabilitar una plaza p\u00fablica, donde se sembraron 40 \u00e1rboles de la regi\u00f3n, se lleg\u00f3 a esta cantidad de un [&hellip;]<\/p>\n","protected":false},"author":1,"featured_media":17075,"comment_status":"open","ping_status":"open","sticky":false,"template":"","format":"standard","meta":{"footnotes":""},"categories":[6,5],"tags":[],"_links":{"self":[{"href":"https:\/\/diariodigitalmx.com\/index.php\/wp-json\/wp\/v2\/posts\/17070"}],"collection":[{"href":"https:\/\/diariodigitalmx.com\/index.php\/wp-json\/wp\/v2\/posts"}],"about":[{"href":"https:\/\/diariodigitalmx.com\/index.php\/wp-json\/wp\/v2\/types\/post"}],"author":[{"embeddable":true,"href":"https:\/\/diariodigitalmx.com\/index.php\/wp-json\/wp\/v2\/users\/1"}],"replies":[{"embeddable":true,"href":"https:\/\/diariodigitalmx.com\/index.php\/wp-json\/wp\/v2\/comments?post=17070"}],"version-history":[{"count":8,"href":"https:\/\/diariodigitalmx.com\/index.php\/wp-json\/wp\/v2\/posts\/17070\/revisions"}],"predecessor-version":[{"id":17087,"href":"https:\/\/diariodigitalmx.com\/index.php\/wp-json\/wp\/v2\/posts\/17070\/revisions\/17087"}],"wp:featuredmedia":[{"embeddable":true,"href":"https:\/\/diariodigitalmx.com\/index.php\/wp-json\/wp\/v2\/media\/17075"}],"wp:attachment":[{"href":"https:\/\/diariodigitalmx.com\/index.php\/wp-json\/wp\/v2\/media?parent=17070"}],"wp:term":[{"taxonomy":"category","embeddable":true,"href":"https:\/\/diariodigitalmx.com\/index.php\/wp-json\/wp\/v2\/categories?post=17070"},{"taxonomy":"post_tag","embeddable":true,"href":"https:\/\/diariodigitalmx.com\/index.php\/wp-json\/wp\/v2\/tags?post=17070"}],"curies":[{"name":"wp","href":"https:\/\/api.w.org\/{rel}","templated":true}]}}