{"id":17105,"date":"2019-11-19T11:05:05","date_gmt":"2019-11-19T17:05:05","guid":{"rendered":"http:\/\/diariodigitalmx.com\/?p=17105"},"modified":"2019-11-19T11:06:32","modified_gmt":"2019-11-19T17:06:32","slug":"17105","status":"publish","type":"post","link":"https:\/\/diariodigitalmx.com\/index.php\/2019\/11\/19\/17105\/","title":{"rendered":"\ufeff\u2026\u201dEra un viejo prieto y gordo\u201d"},"content":{"rendered":"\n<p>Cr\u00f3nica de Pedro Garc\u00eda Trevi\u00f1o<\/p>\n\n\n\n<p>\u201c\u00a1Sinverg\u00faenzas!\u201d, se oye en el atestado cami\u00f3n cerca de las ocho de la ma\u00f1ana. Era una mujer que se quejaba de manera abierta del mal servicio de transporte\u2026<\/p>\n\n\n\n<p>-Pasaron dos camiones y ninguno se detuvo- dijo, despertando el inter\u00e9s de m\u00e1s de cincuenta pasajeros.<\/p>\n\n\n\n<p>Otra mujer construy\u00f3 un di\u00e1logo con la quejosa al se\u00f1alar que pas\u00f3 una hora hasta que un chofer se par\u00f3 a levantarla. Iba a la Cl\u00ednica 15 del Seguro Social ubicada por Ruiz Cortines.<\/p>\n\n\n\n<p>\u201cTengo cita a las 8 con el doctor y voy a llegar tarde\u201d, inform\u00f3 a su interlocutora quien, a su vez, dijo que dos choferes la dejaron con el brazo extendido en el parab\u00fas.<\/p>\n\n\n\n<p>La molestia, la angustia, de no poder abordar el transporte no la priv\u00f3 de los detalles:<\/p>\n\n\n\n<p>\u201cAhorita pas\u00f3 el cami\u00f3n 101 y no se par\u00f3. Era un viejo prieto y gordo\u201d. El resto de los usuarios se enteraban c\u00f3mo era m\u00e1s o menos el villano de ese \u00b4martes de mercado\u00b4.<\/p>\n\n\n\n<p>Mientras tanto, en el Congreso del Estado la Comisi\u00f3n del Transporte se reun\u00eda en sesi\u00f3n de trabajo con miras a sacar, de una vez por todas, una nueva Ley de Movilidad relacionada precisamente con todo lo que tiene que ver con las necesidades de la transportaci\u00f3n.<\/p>\n\n\n\n<p>Por cierto, est\u00e1 pendiente la decisi\u00f3n del gobernador \u201cEl Bronco\u201d de decretar, es decir, publicar en el Peri\u00f3dico Oficial la recomendaci\u00f3n que le hizo el Consejo del Transporte de aumentar la tarifa (tarifazo) en 17 por ciento.<\/p>\n\n\n\n<p>Eso, en tanto que la Comisi\u00f3n de Salarios M\u00ednimos pronto tambi\u00e9n emitir\u00e1, a nivel federal, la propuesta de alza salarial que, regularmente, se basa en el \u00edndice inflacionario que oscila del 3 al 3.5 por ciento.<\/p>\n\n\n\n<p>Luego, los camioneros de Nuevo Le\u00f3n quieren un tarifazo de 17 por ciento, casi seis veces la inflaci\u00f3n.<\/p>\n\n\n\n<p>\u201cS\u00ed, era un viejo prieto y gordo\u201d el que se pas\u00f3 con el cami\u00f3n casi vac\u00edo y no nos levant\u00f3, dijo la mujer al tiempo de acotar:<\/p>\n\n\n\n<p>\u201cEste (el chofer que s\u00ed la levant\u00f3) es buena gente, porque nos viene levantando a todos los que el otro dej\u00f3 parados\u201d\u2026Sonre\u00eda satisfecha de ir circulando rumbo a su destino.<\/p>\n\n\n\n<p>De a poco, la unidad de la ruta 122 fue desalojada por los numerosos usuarios: trabajadores, estudiantes y pacientes de la Cl\u00ednica 15 donde tambi\u00e9n hay una gran demanda por enfermedad respiratoria.<\/p>\n","protected":false},"excerpt":{"rendered":"<p>Cr\u00f3nica de Pedro Garc\u00eda Trevi\u00f1o \u201c\u00a1Sinverg\u00faenzas!\u201d, se oye en el atestado cami\u00f3n cerca de las ocho de la ma\u00f1ana. Era una mujer que se quejaba de manera abierta del mal servicio de transporte\u2026 -Pasaron dos camiones y ninguno se detuvo- dijo, despertando el inter\u00e9s de m\u00e1s de cincuenta pasajeros. Otra mujer construy\u00f3 un di\u00e1logo con [&hellip;]<\/p>\n","protected":false},"author":1,"featured_media":17109,"comment_status":"open","ping_status":"open","sticky":false,"template":"","format":"standard","meta":{"footnotes":""},"categories":[6,5],"tags":[],"_links":{"self":[{"href":"https:\/\/diariodigitalmx.com\/index.php\/wp-json\/wp\/v2\/posts\/17105"}],"collection":[{"href":"https:\/\/diariodigitalmx.com\/index.php\/wp-json\/wp\/v2\/posts"}],"about":[{"href":"https:\/\/diariodigitalmx.com\/index.php\/wp-json\/wp\/v2\/types\/post"}],"author":[{"embeddable":true,"href":"https:\/\/diariodigitalmx.com\/index.php\/wp-json\/wp\/v2\/users\/1"}],"replies":[{"embeddable":true,"href":"https:\/\/diariodigitalmx.com\/index.php\/wp-json\/wp\/v2\/comments?post=17105"}],"version-history":[{"count":2,"href":"https:\/\/diariodigitalmx.com\/index.php\/wp-json\/wp\/v2\/posts\/17105\/revisions"}],"predecessor-version":[{"id":17107,"href":"https:\/\/diariodigitalmx.com\/index.php\/wp-json\/wp\/v2\/posts\/17105\/revisions\/17107"}],"wp:featuredmedia":[{"embeddable":true,"href":"https:\/\/diariodigitalmx.com\/index.php\/wp-json\/wp\/v2\/media\/17109"}],"wp:attachment":[{"href":"https:\/\/diariodigitalmx.com\/index.php\/wp-json\/wp\/v2\/media?parent=17105"}],"wp:term":[{"taxonomy":"category","embeddable":true,"href":"https:\/\/diariodigitalmx.com\/index.php\/wp-json\/wp\/v2\/categories?post=17105"},{"taxonomy":"post_tag","embeddable":true,"href":"https:\/\/diariodigitalmx.com\/index.php\/wp-json\/wp\/v2\/tags?post=17105"}],"curies":[{"name":"wp","href":"https:\/\/api.w.org\/{rel}","templated":true}]}}