{"id":17143,"date":"2019-11-19T15:22:21","date_gmt":"2019-11-19T21:22:21","guid":{"rendered":"http:\/\/diariodigitalmx.com\/?p=17143"},"modified":"2019-11-19T15:27:04","modified_gmt":"2019-11-19T21:27:04","slug":"pide-festa-descontaminar-de-interes-politico-ley-de-movilidad","status":"publish","type":"post","link":"https:\/\/diariodigitalmx.com\/index.php\/2019\/11\/19\/pide-festa-descontaminar-de-interes-politico-ley-de-movilidad\/","title":{"rendered":"Pide FESTA, descontaminar de inter\u00e9s pol\u00edtico Ley de Movilidad"},"content":{"rendered":"\n<p>Pedro Garc\u00eda Trevi\u00f1o<\/p>\n\n\n\n<p>*Osvaldo Serna Serv\u00edn, dirigente de la Federaci\u00f3n Estatal de Sindicatos de Trabajadores del Autotransporte de la FROC afirma que tambi\u00e9n hay desinter\u00e9s en diputados<\/p>\n\n\n\n<p>La anhelada Ley de Movilidad (transporte urbano) est\u00e1 contaminada de intereses pol\u00edticos que hay en el Congreso, y es dif\u00edcil que salga en lo que resta del a\u00f1o, consider\u00f3 Osvaldo Serna, el dirigente de trabajadores del volante de la CROC.<\/p>\n\n\n\n<p>Serna Serv\u00edn asisti\u00f3 a un di\u00e1logo con diputados de las comisiones del Transporte y Desarrollo Urbano encabezando la Federaci\u00f3n Estatal de Sindicatos de Trabajadores del Autotransporte de la CROC de Nuevo Le\u00f3n y lament\u00f3 la incertidumbre que hay en el dise\u00f1o de la nueva Ley del Transporte.<\/p>\n\n\n\n<figure class=\"wp-block-image\"><img loading=\"lazy\" decoding=\"async\" width=\"768\" height=\"1024\" src=\"http:\/\/diariodigitalmx.com\/wp-content\/uploads\/2019\/11\/IMG-20191119-WA0003-768x1024.jpg\" alt=\"\" class=\"wp-image-17152\" srcset=\"https:\/\/diariodigitalmx.com\/wp-content\/uploads\/2019\/11\/IMG-20191119-WA0003-768x1024.jpg 768w, https:\/\/diariodigitalmx.com\/wp-content\/uploads\/2019\/11\/IMG-20191119-WA0003-225x300.jpg 225w, https:\/\/diariodigitalmx.com\/wp-content\/uploads\/2019\/11\/IMG-20191119-WA0003.jpg 960w\" sizes=\"(max-width: 768px) 100vw, 768px\" \/><\/figure>\n\n\n\n<p>Entrevistado, se\u00f1al\u00f3 que el tema del transporte es entorpecido por la politizaci\u00f3n en donde las distintas diputaciones quieren sacar provecho particular de un asunto de inter\u00e9s p\u00fablico.<\/p>\n\n\n\n<p>Explic\u00f3 tambi\u00e9n que los sectores asistentes a la reuni\u00f3n de trabajo con los diputados volvieron a advertir el desinter\u00e9s de los legisladores no obstante que son varias comisiones involucradas en la elaboraci\u00f3n del dictamen de la Ley del Transporte.<\/p>\n\n\n\n<figure class=\"wp-block-image\"><img loading=\"lazy\" decoding=\"async\" width=\"1024\" height=\"768\" src=\"http:\/\/diariodigitalmx.com\/wp-content\/uploads\/2019\/11\/IMG-20191119-WA0007-1024x768.jpg\" alt=\"\" class=\"wp-image-17154\" srcset=\"https:\/\/diariodigitalmx.com\/wp-content\/uploads\/2019\/11\/IMG-20191119-WA0007.jpg 1024w, https:\/\/diariodigitalmx.com\/wp-content\/uploads\/2019\/11\/IMG-20191119-WA0007-300x225.jpg 300w, https:\/\/diariodigitalmx.com\/wp-content\/uploads\/2019\/11\/IMG-20191119-WA0007-768x576.jpg 768w\" sizes=\"(max-width: 1024px) 100vw, 1024px\" \/><\/figure>\n\n\n\n<p>Serna Serv\u00edn demand\u00f3 una Ley de avanzada donde sean considerados los interesados de todos los actores, desde el usuario hasta los prestadores del servicio y las empresas camioneras.<\/p>\n\n\n\n<p>Adem\u00e1s de lo relacionado a las tarifas, abund\u00f3 Osvaldo Serna, tambi\u00e9n debe verse el d\u00e9ficit que hay en el equipamiento urbano en donde las calles est\u00e1n plagadas de baches, lo cual afecta de manera tremenda las unidades del transporte.<\/p>\n\n\n\n<p>Otros asistentes al di\u00e1logo demandaron que el Congreso les comparta el texto de los pre-dict\u00e1menes que ya est\u00e9n redactados como base para la nueva Ley con el prop\u00f3sito de analizarlos y emitir opiniones y probables modificaciones a los textos.<\/p>\n\n\n\n<p>Asimismo, solicitaron la realizaci\u00f3n, cuanto antes, de mesas de di\u00e1logo con las comisiones legislativas involucradas en el tema de la nueva Ley y que tambi\u00e9n participen los coordinadores de las distintas diputaciones.<\/p>\n","protected":false},"excerpt":{"rendered":"<p>Pedro Garc\u00eda Trevi\u00f1o *Osvaldo Serna Serv\u00edn, dirigente de la Federaci\u00f3n Estatal de Sindicatos de Trabajadores del Autotransporte de la FROC afirma que tambi\u00e9n hay desinter\u00e9s en diputados La anhelada Ley de Movilidad (transporte urbano) est\u00e1 contaminada de intereses pol\u00edticos que hay en el Congreso, y es dif\u00edcil que salga en lo que resta del a\u00f1o, [&hellip;]<\/p>\n","protected":false},"author":1,"featured_media":17150,"comment_status":"open","ping_status":"open","sticky":false,"template":"","format":"standard","meta":{"footnotes":""},"categories":[6,3],"tags":[],"_links":{"self":[{"href":"https:\/\/diariodigitalmx.com\/index.php\/wp-json\/wp\/v2\/posts\/17143"}],"collection":[{"href":"https:\/\/diariodigitalmx.com\/index.php\/wp-json\/wp\/v2\/posts"}],"about":[{"href":"https:\/\/diariodigitalmx.com\/index.php\/wp-json\/wp\/v2\/types\/post"}],"author":[{"embeddable":true,"href":"https:\/\/diariodigitalmx.com\/index.php\/wp-json\/wp\/v2\/users\/1"}],"replies":[{"embeddable":true,"href":"https:\/\/diariodigitalmx.com\/index.php\/wp-json\/wp\/v2\/comments?post=17143"}],"version-history":[{"count":6,"href":"https:\/\/diariodigitalmx.com\/index.php\/wp-json\/wp\/v2\/posts\/17143\/revisions"}],"predecessor-version":[{"id":17155,"href":"https:\/\/diariodigitalmx.com\/index.php\/wp-json\/wp\/v2\/posts\/17143\/revisions\/17155"}],"wp:featuredmedia":[{"embeddable":true,"href":"https:\/\/diariodigitalmx.com\/index.php\/wp-json\/wp\/v2\/media\/17150"}],"wp:attachment":[{"href":"https:\/\/diariodigitalmx.com\/index.php\/wp-json\/wp\/v2\/media?parent=17143"}],"wp:term":[{"taxonomy":"category","embeddable":true,"href":"https:\/\/diariodigitalmx.com\/index.php\/wp-json\/wp\/v2\/categories?post=17143"},{"taxonomy":"post_tag","embeddable":true,"href":"https:\/\/diariodigitalmx.com\/index.php\/wp-json\/wp\/v2\/tags?post=17143"}],"curies":[{"name":"wp","href":"https:\/\/api.w.org\/{rel}","templated":true}]}}