{"id":17188,"date":"2019-11-20T12:43:27","date_gmt":"2019-11-20T18:43:27","guid":{"rendered":"http:\/\/diariodigitalmx.com\/?p=17188"},"modified":"2019-11-20T12:44:05","modified_gmt":"2019-11-20T18:44:05","slug":"lealtad-de-las-fuerzas-armadas-al-presidente","status":"publish","type":"post","link":"https:\/\/diariodigitalmx.com\/index.php\/2019\/11\/20\/lealtad-de-las-fuerzas-armadas-al-presidente\/","title":{"rendered":"Lealtad de las fuerzas armadas al Presidente"},"content":{"rendered":"\n<p>Las Fuerzas Armadas de M\u00e9xico refrendaron este mi\u00e9rcoles su lealtad al presidente y comandante supremo, Andr\u00e9s Manuel L\u00f3pez Obrador, y dejaron claro que no buscan beneficios personales ni protagonismos, dado que su labor es por el bien de M\u00e9xico.<\/p>\n\n\n\n<p>Durante la Ceremonia de Entrega de Condecoraciones y Ascensos en el Marco del 109 Aniversario de la Revoluci\u00f3n Mexicana, los secretarios de la Defensa Nacional, Luis Crescencio Sandoval Gonz\u00e1lez y de Marina, Jos\u00e9 Rafael Ojeda Dur\u00e1n, indicaron en un mensaje conjunto que las Fuerzas Armadas \u201csomos leales y respetamos la instituci\u00f3n presidencial que usted representa al ser elegido de manera democr\u00e1tica\u201d.<\/p>\n\n\n\n<p>\u201cNo buscamos beneficios personales ni protagonismos, lo hacemos por el bien de M\u00e9xico\u201d, anot\u00f3 el titular de la Defensa Nacional, quien respald\u00f3 a nombre de las&nbsp; Fuerzas Armadas, el proyecto de gobierno que encabeza el Ejecutivo Federal.<\/p>\n","protected":false},"excerpt":{"rendered":"<p>Las Fuerzas Armadas de M\u00e9xico refrendaron este mi\u00e9rcoles su lealtad al presidente y comandante supremo, Andr\u00e9s Manuel L\u00f3pez Obrador, y dejaron claro que no buscan beneficios personales ni protagonismos, dado que su labor es por el bien de M\u00e9xico. Durante la Ceremonia de Entrega de Condecoraciones y Ascensos en el Marco del 109 Aniversario de [&hellip;]<\/p>\n","protected":false},"author":1,"featured_media":17190,"comment_status":"open","ping_status":"open","sticky":true,"template":"","format":"standard","meta":{"footnotes":""},"categories":[2,5],"tags":[],"_links":{"self":[{"href":"https:\/\/diariodigitalmx.com\/index.php\/wp-json\/wp\/v2\/posts\/17188"}],"collection":[{"href":"https:\/\/diariodigitalmx.com\/index.php\/wp-json\/wp\/v2\/posts"}],"about":[{"href":"https:\/\/diariodigitalmx.com\/index.php\/wp-json\/wp\/v2\/types\/post"}],"author":[{"embeddable":true,"href":"https:\/\/diariodigitalmx.com\/index.php\/wp-json\/wp\/v2\/users\/1"}],"replies":[{"embeddable":true,"href":"https:\/\/diariodigitalmx.com\/index.php\/wp-json\/wp\/v2\/comments?post=17188"}],"version-history":[{"count":1,"href":"https:\/\/diariodigitalmx.com\/index.php\/wp-json\/wp\/v2\/posts\/17188\/revisions"}],"predecessor-version":[{"id":17189,"href":"https:\/\/diariodigitalmx.com\/index.php\/wp-json\/wp\/v2\/posts\/17188\/revisions\/17189"}],"wp:featuredmedia":[{"embeddable":true,"href":"https:\/\/diariodigitalmx.com\/index.php\/wp-json\/wp\/v2\/media\/17190"}],"wp:attachment":[{"href":"https:\/\/diariodigitalmx.com\/index.php\/wp-json\/wp\/v2\/media?parent=17188"}],"wp:term":[{"taxonomy":"category","embeddable":true,"href":"https:\/\/diariodigitalmx.com\/index.php\/wp-json\/wp\/v2\/categories?post=17188"},{"taxonomy":"post_tag","embeddable":true,"href":"https:\/\/diariodigitalmx.com\/index.php\/wp-json\/wp\/v2\/tags?post=17188"}],"curies":[{"name":"wp","href":"https:\/\/api.w.org\/{rel}","templated":true}]}}