{"id":17192,"date":"2019-11-20T12:48:35","date_gmt":"2019-11-20T18:48:35","guid":{"rendered":"http:\/\/diariodigitalmx.com\/?p=17192"},"modified":"2019-11-20T13:02:48","modified_gmt":"2019-11-20T19:02:48","slug":"al-golpe-se-sumaron-oea-y-almagro-dice-evo-morales","status":"publish","type":"post","link":"https:\/\/diariodigitalmx.com\/index.php\/2019\/11\/20\/al-golpe-se-sumaron-oea-y-almagro-dice-evo-morales\/","title":{"rendered":"Al golpe se sumaron OEA y Almagro, dice Evo Morales"},"content":{"rendered":"\n<p>El expresidente boliviano Evo Morales cuestion\u00f3 hoy la auditor\u00eda que realiz\u00f3 la Organizaci\u00f3n de Estados Americanos (OEA) del pasado proceso electoral presidencial y acus\u00f3 que junto con su secretario general Luis Almagro, &#8220;se sum\u00f3 al golpe de Estado&#8221;.<\/p>\n\n\n\n<p>Morales ofreci\u00f3 este mi\u00e9rcoles una conferencia de prensa en la capital mexicana donde explic\u00f3 los acontecimiento que llevaron a su salida de la presidencia boliviana.<\/p>\n\n\n\n<p>Llam\u00f3 a organizaciones internacionales a revisar el proceso electoral para que se confirme como la OEA y Almagro se sumaron al golpe de Estado en Bolivia.<\/p>\n","protected":false},"excerpt":{"rendered":"<p>El expresidente boliviano Evo Morales cuestion\u00f3 hoy la auditor\u00eda que realiz\u00f3 la Organizaci\u00f3n de Estados Americanos (OEA) del pasado proceso electoral presidencial y acus\u00f3 que junto con su secretario general Luis Almagro, &#8220;se sum\u00f3 al golpe de Estado&#8221;. Morales ofreci\u00f3 este mi\u00e9rcoles una conferencia de prensa en la capital mexicana donde explic\u00f3 los acontecimiento que [&hellip;]<\/p>\n","protected":false},"author":1,"featured_media":17194,"comment_status":"open","ping_status":"open","sticky":true,"template":"","format":"standard","meta":{"footnotes":""},"categories":[2,5],"tags":[],"_links":{"self":[{"href":"https:\/\/diariodigitalmx.com\/index.php\/wp-json\/wp\/v2\/posts\/17192"}],"collection":[{"href":"https:\/\/diariodigitalmx.com\/index.php\/wp-json\/wp\/v2\/posts"}],"about":[{"href":"https:\/\/diariodigitalmx.com\/index.php\/wp-json\/wp\/v2\/types\/post"}],"author":[{"embeddable":true,"href":"https:\/\/diariodigitalmx.com\/index.php\/wp-json\/wp\/v2\/users\/1"}],"replies":[{"embeddable":true,"href":"https:\/\/diariodigitalmx.com\/index.php\/wp-json\/wp\/v2\/comments?post=17192"}],"version-history":[{"count":1,"href":"https:\/\/diariodigitalmx.com\/index.php\/wp-json\/wp\/v2\/posts\/17192\/revisions"}],"predecessor-version":[{"id":17193,"href":"https:\/\/diariodigitalmx.com\/index.php\/wp-json\/wp\/v2\/posts\/17192\/revisions\/17193"}],"wp:featuredmedia":[{"embeddable":true,"href":"https:\/\/diariodigitalmx.com\/index.php\/wp-json\/wp\/v2\/media\/17194"}],"wp:attachment":[{"href":"https:\/\/diariodigitalmx.com\/index.php\/wp-json\/wp\/v2\/media?parent=17192"}],"wp:term":[{"taxonomy":"category","embeddable":true,"href":"https:\/\/diariodigitalmx.com\/index.php\/wp-json\/wp\/v2\/categories?post=17192"},{"taxonomy":"post_tag","embeddable":true,"href":"https:\/\/diariodigitalmx.com\/index.php\/wp-json\/wp\/v2\/tags?post=17192"}],"curies":[{"name":"wp","href":"https:\/\/api.w.org\/{rel}","templated":true}]}}