{"id":17251,"date":"2019-11-20T20:02:48","date_gmt":"2019-11-21T02:02:48","guid":{"rendered":"http:\/\/diariodigitalmx.com\/?p=17251"},"modified":"2019-11-20T20:04:42","modified_gmt":"2019-11-21T02:04:42","slug":"17251","status":"publish","type":"post","link":"https:\/\/diariodigitalmx.com\/index.php\/2019\/11\/20\/17251\/","title":{"rendered":"Plantean a H\u00e9ctor Guti\u00e9rrez, preocupaci\u00f3n por falta de obra p\u00fablica en NL"},"content":{"rendered":"\n<p><\/p>\n\n\n\n<p>Integrantes de la Asociaci\u00f3n Internacional al Servicio del Constructor y Proveedor (AISCOP), plantearon a H\u00e9ctor Guti\u00e9rrez de la Garza su preocupaci\u00f3n por la falta de generaci\u00f3n de empleo ante la nula Obra P\u00fablica que existe en Nuevo Le\u00f3n.<\/p>\n\n\n\n<p>En una reuni\u00f3n llevada a cabo en el municipio de Santa Catarina, el ex funcionario y ex diputado federal, escuch\u00f3 con atenci\u00f3n los argumentos del empresario del ramo de la construcci\u00f3n, quienes solicitaron su apoyo para tratar de atraer inversi\u00f3n a la Entidad.<\/p>\n\n\n\n<p>\u201cPor supuesto que es muy importante el problema que nos est\u00e1n externando nuestros amigos de esta asociaci\u00f3n, hemos visto escasa o pr\u00e1cticamente nula Obra P\u00fablica en nuestro Estado en los \u00faltimos a\u00f1os y esto obviamente repercute tanto a los amigos constructores como a los miles de trabajadores que son empleados para la construcci\u00f3n de los diversos proyectos\u201d, coment\u00f3 Guti\u00e9rrez de la Garza.<\/p>\n\n\n\n<p>\u201cAgradezco la confianza que tienen para con un servidor y me llevo tarea&nbsp; y temas qu\u00e9 platicar con particulares y con autoridades para apoyar que se lleven a cabo obras de gran beneficio para todos en Nuevo Le\u00f3n\u201d, concluy\u00f3 el ex legislador<\/p>\n","protected":false},"excerpt":{"rendered":"<p>Integrantes de la Asociaci\u00f3n Internacional al Servicio del Constructor y Proveedor (AISCOP), plantearon a H\u00e9ctor Guti\u00e9rrez de la Garza su preocupaci\u00f3n por la falta de generaci\u00f3n de empleo ante la nula Obra P\u00fablica que existe en Nuevo Le\u00f3n. En una reuni\u00f3n llevada a cabo en el municipio de Santa Catarina, el ex funcionario y ex [&hellip;]<\/p>\n","protected":false},"author":1,"featured_media":17257,"comment_status":"open","ping_status":"open","sticky":false,"template":"","format":"standard","meta":{"footnotes":""},"categories":[6],"tags":[],"_links":{"self":[{"href":"https:\/\/diariodigitalmx.com\/index.php\/wp-json\/wp\/v2\/posts\/17251"}],"collection":[{"href":"https:\/\/diariodigitalmx.com\/index.php\/wp-json\/wp\/v2\/posts"}],"about":[{"href":"https:\/\/diariodigitalmx.com\/index.php\/wp-json\/wp\/v2\/types\/post"}],"author":[{"embeddable":true,"href":"https:\/\/diariodigitalmx.com\/index.php\/wp-json\/wp\/v2\/users\/1"}],"replies":[{"embeddable":true,"href":"https:\/\/diariodigitalmx.com\/index.php\/wp-json\/wp\/v2\/comments?post=17251"}],"version-history":[{"count":4,"href":"https:\/\/diariodigitalmx.com\/index.php\/wp-json\/wp\/v2\/posts\/17251\/revisions"}],"predecessor-version":[{"id":17255,"href":"https:\/\/diariodigitalmx.com\/index.php\/wp-json\/wp\/v2\/posts\/17251\/revisions\/17255"}],"wp:featuredmedia":[{"embeddable":true,"href":"https:\/\/diariodigitalmx.com\/index.php\/wp-json\/wp\/v2\/media\/17257"}],"wp:attachment":[{"href":"https:\/\/diariodigitalmx.com\/index.php\/wp-json\/wp\/v2\/media?parent=17251"}],"wp:term":[{"taxonomy":"category","embeddable":true,"href":"https:\/\/diariodigitalmx.com\/index.php\/wp-json\/wp\/v2\/categories?post=17251"},{"taxonomy":"post_tag","embeddable":true,"href":"https:\/\/diariodigitalmx.com\/index.php\/wp-json\/wp\/v2\/tags?post=17251"}],"curies":[{"name":"wp","href":"https:\/\/api.w.org\/{rel}","templated":true}]}}