{"id":17275,"date":"2019-11-21T09:13:16","date_gmt":"2019-11-21T15:13:16","guid":{"rendered":"http:\/\/diariodigitalmx.com\/?p=17275"},"modified":"2019-11-21T09:14:30","modified_gmt":"2019-11-21T15:14:30","slug":"17275","status":"publish","type":"post","link":"https:\/\/diariodigitalmx.com\/index.php\/2019\/11\/21\/17275\/","title":{"rendered":"Firman acuerdo por la igualdad entre hombres y mujeres"},"content":{"rendered":"\n<p>El presidente Andr\u00e9s Manuel L\u00f3pez Obrador firm\u00f3 esta ma\u00f1ana en Palacio Nacional el Acuerdo Nacional por la Igualdad entre hombres y mujeres, ante la secretaria de Gobernaci\u00f3n, Olga S\u00e1nchez Cordero, y&nbsp;representantes de colectivos feministas y mujeres del pa\u00eds.<\/p>\n\n\n\n<p>&#8220;Me da gusto que se est\u00e9 firmando el acuerdo, no por lo que se va a hacer, sino por lo que ya se est\u00e1 haciendo: garantizar la igualdad entre hombres y mujeres. Esto es evidente y se puede constatar viendo la tabla de los programas sociales y de bienestar&#8221;, expres\u00f3 el mandatario.<\/p>\n\n\n\n<p>Mientras L\u00f3pez Obrador resalt\u00f3 que &#8220;no puede haber feminismo sin humanismo&#8221;,&nbsp;S\u00e1nchez Cordero expuso que parte de las necesidades de las mujeres radica en la inclusi\u00f3n laboral y dijo que&nbsp;\u201cla Cuarta Transformaci\u00f3n pone al centro a quienes han sufrido desventajas, desigualdades y abandonos\u201d.<\/p>\n","protected":false},"excerpt":{"rendered":"<p>El presidente Andr\u00e9s Manuel L\u00f3pez Obrador firm\u00f3 esta ma\u00f1ana en Palacio Nacional el Acuerdo Nacional por la Igualdad entre hombres y mujeres, ante la secretaria de Gobernaci\u00f3n, Olga S\u00e1nchez Cordero, y&nbsp;representantes de colectivos feministas y mujeres del pa\u00eds. &#8220;Me da gusto que se est\u00e9 firmando el acuerdo, no por lo que se va a hacer, [&hellip;]<\/p>\n","protected":false},"author":1,"featured_media":17280,"comment_status":"open","ping_status":"open","sticky":false,"template":"","format":"standard","meta":{"footnotes":""},"categories":[2,5],"tags":[],"_links":{"self":[{"href":"https:\/\/diariodigitalmx.com\/index.php\/wp-json\/wp\/v2\/posts\/17275"}],"collection":[{"href":"https:\/\/diariodigitalmx.com\/index.php\/wp-json\/wp\/v2\/posts"}],"about":[{"href":"https:\/\/diariodigitalmx.com\/index.php\/wp-json\/wp\/v2\/types\/post"}],"author":[{"embeddable":true,"href":"https:\/\/diariodigitalmx.com\/index.php\/wp-json\/wp\/v2\/users\/1"}],"replies":[{"embeddable":true,"href":"https:\/\/diariodigitalmx.com\/index.php\/wp-json\/wp\/v2\/comments?post=17275"}],"version-history":[{"count":3,"href":"https:\/\/diariodigitalmx.com\/index.php\/wp-json\/wp\/v2\/posts\/17275\/revisions"}],"predecessor-version":[{"id":17278,"href":"https:\/\/diariodigitalmx.com\/index.php\/wp-json\/wp\/v2\/posts\/17275\/revisions\/17278"}],"wp:featuredmedia":[{"embeddable":true,"href":"https:\/\/diariodigitalmx.com\/index.php\/wp-json\/wp\/v2\/media\/17280"}],"wp:attachment":[{"href":"https:\/\/diariodigitalmx.com\/index.php\/wp-json\/wp\/v2\/media?parent=17275"}],"wp:term":[{"taxonomy":"category","embeddable":true,"href":"https:\/\/diariodigitalmx.com\/index.php\/wp-json\/wp\/v2\/categories?post=17275"},{"taxonomy":"post_tag","embeddable":true,"href":"https:\/\/diariodigitalmx.com\/index.php\/wp-json\/wp\/v2\/tags?post=17275"}],"curies":[{"name":"wp","href":"https:\/\/api.w.org\/{rel}","templated":true}]}}