{"id":17373,"date":"2019-11-22T12:57:23","date_gmt":"2019-11-22T18:57:23","guid":{"rendered":"http:\/\/diariodigitalmx.com\/?p=17373"},"modified":"2019-11-22T12:57:55","modified_gmt":"2019-11-22T18:57:55","slug":"no-hay-condiciones-para-que-mexico-crezca-4-0-por-ciento-en-el-sexenio-de-lopez-obrador","status":"publish","type":"post","link":"https:\/\/diariodigitalmx.com\/index.php\/2019\/11\/22\/no-hay-condiciones-para-que-mexico-crezca-4-0-por-ciento-en-el-sexenio-de-lopez-obrador\/","title":{"rendered":"No hay condiciones para que M\u00e9xico crezca 4.0 por ciento en el sexenio de L\u00f3pez Obrador"},"content":{"rendered":"\n<p>En el corto, mediano y largo plazo M\u00e9xico no\ncuenta con las condiciones para obtener un crecimiento de 4.0 por ciento\ndurante la administraci\u00f3n de Andr\u00e9s Manuel L\u00f3pez Obrador, asegur\u00f3 la agencia\ncalificadora&nbsp;<a href=\"https:\/\/www.razon.com.mx\/negocios\/preve-sp-riesgos-fiscales-para-mexico-en-2020\/\">Standard &amp;\nPoor\u2019s<\/a>&nbsp;(S&amp;P).<\/p>\n\n\n\n<p>En\nconferencia de prensa, Lisa M. Schineller, directora de calificaci\u00f3n soberana\nde S&amp;P, se\u00f1al\u00f3 que en ning\u00fan pa\u00eds de Am\u00e9rica Latina han detectado un crecimiento\necon\u00f3mico de 4.0 por ciento, debido a la falta de inversi\u00f3n, tanto p\u00fablica como\nprivada. En este sentido, refiri\u00f3 que en M\u00e9xico la captaci\u00f3n de recursos es\ncercana a 20 por ciento del PIB.<\/p>\n\n\n\n<p>\u201cMientras\nno se impulse la inversi\u00f3n o el sistema financiero, es decir, que el nivel de\nintermediaci\u00f3n financiera siga siendo bajo, va a ser muy dif\u00edcil alcanzar de\nmanera sustentable este crecimiento\u201d, asegur\u00f3 Sebasti\u00e1n Briozzo, analista\nsoberano y de finanzas p\u00fablicas de S&amp;P.<\/p>\n\n\n\n<p>La\ncalificadora proyect\u00f3 que en el corto y mediano plazo sus estimaciones son\nhacia 2.0 por ciento, aproximadamente, excepto para \u00e9ste y el pr\u00f3ximo a\u00f1o, al\nprever que el PIB nacional ser\u00e1 de 0.4 y 1.3 por ciento, respectivamente.<\/p>\n\n\n\n<p>En\ncuanto a Pemex, la firma asegur\u00f3 que contin\u00faa siendo un riesgo para la\ncalificaci\u00f3n del pa\u00eds, pues la petrolera tiene calificaciones bajas. Y es que,\npese a que se nota una mejora&nbsp;en su plataforma de producci\u00f3n, al menos en los \u00faltimos tres\nmeses, no ven que sea una tendencia de largo plazo.<\/p>\n\n\n\n<p>No\nobstante, indicaron que los apoyos que le est\u00e1 brindando el Gobierno a la\nempresa mexicana, podr\u00e1n beneficiarla.<\/p>\n\n\n\n<p>Finalmente,\nLisa M. Schineller, analista soberana para M\u00e9xico de S&amp;P, alert\u00f3 que la\ninseguridad ha impactado negativamente en la imagen del tanto en el interior,\ncomo en el en el exterior, ya que le resta oportunidad de crecimiento. \u201cNo es\nalgo de esta administraci\u00f3n, pues durante los sexenios de Felipe Calder\u00f3n y\nEnrique Pe\u00f1a Nieto,&nbsp;aunque hab\u00eda menos inseguridad probablemente el nivel de crecimiento\npodr\u00eda haber sido m\u00e1s fuerte\u201d.<\/p>\n","protected":false},"excerpt":{"rendered":"<p>En el corto, mediano y largo plazo M\u00e9xico no cuenta con las condiciones para obtener un crecimiento de 4.0 por ciento durante la administraci\u00f3n de Andr\u00e9s Manuel L\u00f3pez Obrador, asegur\u00f3 la agencia calificadora&nbsp;Standard &amp; Poor\u2019s&nbsp;(S&amp;P). En conferencia de prensa, Lisa M. Schineller, directora de calificaci\u00f3n soberana de S&amp;P, se\u00f1al\u00f3 que en ning\u00fan pa\u00eds de Am\u00e9rica [&hellip;]<\/p>\n","protected":false},"author":1,"featured_media":17375,"comment_status":"open","ping_status":"open","sticky":true,"template":"","format":"standard","meta":{"footnotes":""},"categories":[10,5],"tags":[],"_links":{"self":[{"href":"https:\/\/diariodigitalmx.com\/index.php\/wp-json\/wp\/v2\/posts\/17373"}],"collection":[{"href":"https:\/\/diariodigitalmx.com\/index.php\/wp-json\/wp\/v2\/posts"}],"about":[{"href":"https:\/\/diariodigitalmx.com\/index.php\/wp-json\/wp\/v2\/types\/post"}],"author":[{"embeddable":true,"href":"https:\/\/diariodigitalmx.com\/index.php\/wp-json\/wp\/v2\/users\/1"}],"replies":[{"embeddable":true,"href":"https:\/\/diariodigitalmx.com\/index.php\/wp-json\/wp\/v2\/comments?post=17373"}],"version-history":[{"count":1,"href":"https:\/\/diariodigitalmx.com\/index.php\/wp-json\/wp\/v2\/posts\/17373\/revisions"}],"predecessor-version":[{"id":17374,"href":"https:\/\/diariodigitalmx.com\/index.php\/wp-json\/wp\/v2\/posts\/17373\/revisions\/17374"}],"wp:featuredmedia":[{"embeddable":true,"href":"https:\/\/diariodigitalmx.com\/index.php\/wp-json\/wp\/v2\/media\/17375"}],"wp:attachment":[{"href":"https:\/\/diariodigitalmx.com\/index.php\/wp-json\/wp\/v2\/media?parent=17373"}],"wp:term":[{"taxonomy":"category","embeddable":true,"href":"https:\/\/diariodigitalmx.com\/index.php\/wp-json\/wp\/v2\/categories?post=17373"},{"taxonomy":"post_tag","embeddable":true,"href":"https:\/\/diariodigitalmx.com\/index.php\/wp-json\/wp\/v2\/tags?post=17373"}],"curies":[{"name":"wp","href":"https:\/\/api.w.org\/{rel}","templated":true}]}}