{"id":17380,"date":"2019-11-22T13:06:19","date_gmt":"2019-11-22T19:06:19","guid":{"rendered":"http:\/\/diariodigitalmx.com\/?p=17380"},"modified":"2019-11-22T13:09:02","modified_gmt":"2019-11-22T19:09:02","slug":"17380","status":"publish","type":"post","link":"https:\/\/diariodigitalmx.com\/index.php\/2019\/11\/22\/17380\/","title":{"rendered":"Antorcha levanta plant\u00f3n; consigna el atraco de Morena al pueblo"},"content":{"rendered":"\n<p><strong>*<\/strong>Convoca a frente de lucha contra la 4T<\/p>\n\n\n\n<p>Pedro Garc\u00eda Trevi\u00f1o<\/p>\n\n\n\n<p>CDMX.- Una vez que los\ndiputados de Morena aprobaron, sin cambios, el Proyecto de Egresos de la\nFederaci\u00f3n 2020, con desprecio a las demandas de obra p\u00fablica y aumento\npresupuestal para el campo exigido por&nbsp;varias organizaciones y por la que\nse mantuvieron en plant\u00f3n durante doce d\u00edas, el Movimiento Antorchista levant\u00f3\neste viernes su plant\u00f3n.<\/p>\n\n\n\n<p>&nbsp;La madrugada de este\nviernes qued\u00f3 avalado el PEF para el siguiente a\u00f1o, con recortes a los \u00f3rganos\naut\u00f3nomos y un incremento considerable para la Secretar\u00eda del Bienestar,\ninstancia que operar\u00e1 los programas sociales insignia del presidente Andr\u00e9s\nManuel L\u00f3pez Obrador, mismos que se entregar\u00e1n en una tarjeta, misma que\nestudiosos y diversos actores pol\u00edticos han calificado como una operaci\u00f3n para\ncomprar votos.<\/p>\n\n\n\n<p>&nbsp;En tanto, la demanda para que se\netiquetaran recursos para la introducci\u00f3n de agua potable, luz el\u00e9ctrica,\ndrenaje, escuelas, cl\u00ednicas y pavimentaci\u00f3n de calles a favor de miles de\nfamilias del pa\u00eds no fueron aprobadas.<\/p>\n\n\n\n<p>\u00a0Se dej\u00f3 fuera tambi\u00e9n el incremento al presupuesto para el campo que organizaciones\u00a0campesinas afines a legisladores morenistas hab\u00edan solicitado, incluso se aplic\u00f3 un recorte en Agricultura de m\u00e1s de 20 mil millones de pesos.<\/p>\n\n\n\n<figure class=\"wp-block-image\"><img loading=\"lazy\" decoding=\"async\" width=\"600\" height=\"388\" src=\"http:\/\/diariodigitalmx.com\/wp-content\/uploads\/2019\/11\/ant-3.jpg\" alt=\"\" class=\"wp-image-17387\" srcset=\"https:\/\/diariodigitalmx.com\/wp-content\/uploads\/2019\/11\/ant-3.jpg 600w, https:\/\/diariodigitalmx.com\/wp-content\/uploads\/2019\/11\/ant-3-300x194.jpg 300w\" sizes=\"(max-width: 600px) 100vw, 600px\" \/><\/figure>\n\n\n\n<p>Al respecto, Homero Aguirre Enr\u00edquez,\nvocero del antorchismo inform\u00f3 a los miles de asistentes que la actitud tomada\npor los diputados de Morena al aprobar el presupuesto evidenci\u00f3 la\n&#8220;traici\u00f3n que le cometieron a sus electores. No tendr\u00e1n cara para decirles\na sus ciudadanos las obras que les llevar\u00e1n&#8221;.<\/p>\n\n\n\n<p>&nbsp;&#8220;Los diputados de Morena no\npodr\u00e1n decir que cumplieron con su deber,&nbsp;lo que cometieron es una\ntraici\u00f3n. Vamos a evidenciarlos,&nbsp;y decirles a los ciudadanos&nbsp;que son\nunos traidores, si lo hicieron por por sectarismo, les reclamar\u00e1n los\nmexicanos.<\/p>\n\n\n\n<p>\u00bfCu\u00e1ntas obras ganaron para su distrito?\nCuestion\u00f3. Con esto qued\u00f3 claro que los diputados&nbsp;de Morena no son otra\ncosa, m\u00e1s que una reedici\u00f3n de los viejos pol\u00edticos&#8221;, se\u00f1al\u00f3.<\/p>\n\n\n\n<p>&nbsp;Ante la actitud del\nactual poder legislativo sometido al presidente de la Rep\u00fablica, Aguirre\nEnr\u00edquez&nbsp;convoc\u00f3 a&nbsp;formar un frente de lucha, &#8220;antorchistas y no\nantorchistas, intelectuales, acad\u00e9micos, empresarios, estudiantes y el pueblo\npobre de M\u00e9xico, el momento es adecuado&#8221; para iniciar un proyecto distinto\nde pa\u00eds.<\/p>\n\n\n\n<p>&nbsp;En tanto, el diputado Brasil\nAcosta Pe\u00f1a resalt\u00f3 que junto a sus compa\u00f1eros antorchistas de bancada\ncumplieron con rechazar el proyecto de presupuesto para el siguiente a\u00f1o, ya\nque no beneficia en nada a los m\u00e1s pobres, ya que como est\u00e1 planteado,\nsustituir\u00e1n obra p\u00fablica b\u00e1sica por las tarjetas, que entregar\u00e1n con un claro\nobjetivo electoral.<\/p>\n\n\n\n<p>Acompa\u00f1ado por los diputados Lenin\nCampos, Eleusis C\u00f3rdova, presidentes municipales antorchistas, e integrantes de\nla direcci\u00f3n nacional de la organizaci\u00f3n, agreg\u00f3 que en ning\u00fan el antorchismo\nqued\u00f3 derrotado.<\/p>\n","protected":false},"excerpt":{"rendered":"<p>*Convoca a frente de lucha contra la 4T Pedro Garc\u00eda Trevi\u00f1o CDMX.- Una vez que los diputados de Morena aprobaron, sin cambios, el Proyecto de Egresos de la Federaci\u00f3n 2020, con desprecio a las demandas de obra p\u00fablica y aumento presupuestal para el campo exigido por&nbsp;varias organizaciones y por la que se mantuvieron en plant\u00f3n [&hellip;]<\/p>\n","protected":false},"author":1,"featured_media":17386,"comment_status":"open","ping_status":"open","sticky":true,"template":"","format":"standard","meta":{"footnotes":""},"categories":[2,5],"tags":[],"_links":{"self":[{"href":"https:\/\/diariodigitalmx.com\/index.php\/wp-json\/wp\/v2\/posts\/17380"}],"collection":[{"href":"https:\/\/diariodigitalmx.com\/index.php\/wp-json\/wp\/v2\/posts"}],"about":[{"href":"https:\/\/diariodigitalmx.com\/index.php\/wp-json\/wp\/v2\/types\/post"}],"author":[{"embeddable":true,"href":"https:\/\/diariodigitalmx.com\/index.php\/wp-json\/wp\/v2\/users\/1"}],"replies":[{"embeddable":true,"href":"https:\/\/diariodigitalmx.com\/index.php\/wp-json\/wp\/v2\/comments?post=17380"}],"version-history":[{"count":4,"href":"https:\/\/diariodigitalmx.com\/index.php\/wp-json\/wp\/v2\/posts\/17380\/revisions"}],"predecessor-version":[{"id":17388,"href":"https:\/\/diariodigitalmx.com\/index.php\/wp-json\/wp\/v2\/posts\/17380\/revisions\/17388"}],"wp:featuredmedia":[{"embeddable":true,"href":"https:\/\/diariodigitalmx.com\/index.php\/wp-json\/wp\/v2\/media\/17386"}],"wp:attachment":[{"href":"https:\/\/diariodigitalmx.com\/index.php\/wp-json\/wp\/v2\/media?parent=17380"}],"wp:term":[{"taxonomy":"category","embeddable":true,"href":"https:\/\/diariodigitalmx.com\/index.php\/wp-json\/wp\/v2\/categories?post=17380"},{"taxonomy":"post_tag","embeddable":true,"href":"https:\/\/diariodigitalmx.com\/index.php\/wp-json\/wp\/v2\/tags?post=17380"}],"curies":[{"name":"wp","href":"https:\/\/api.w.org\/{rel}","templated":true}]}}