{"id":17389,"date":"2019-11-22T13:13:00","date_gmt":"2019-11-22T19:13:00","guid":{"rendered":"http:\/\/diariodigitalmx.com\/?p=17389"},"modified":"2019-11-22T13:14:03","modified_gmt":"2019-11-22T19:14:03","slug":"someten-a-la-austeridad-a-organismos-autonomos","status":"publish","type":"post","link":"https:\/\/diariodigitalmx.com\/index.php\/2019\/11\/22\/someten-a-la-austeridad-a-organismos-autonomos\/","title":{"rendered":"Someten a la austeridad a organismos aut\u00f3nomos"},"content":{"rendered":"\n<p><strong>Pedro\nGarc\u00eda<\/strong><\/p>\n\n\n\n<p>CDMX.-\nAl puntualizar que ya pas\u00f3 el tiempo de los gobiernos mantenidos y buenos para\nnada, el presidente L\u00f3pez Obrador demand\u00f3 al Instituto Nacional Electoral\nsometerse a la austeridad.<\/p>\n\n\n\n<p>Que\nse aprieten el cintur\u00f3n, como se dec\u00eda antes. \u00bfQu\u00e9 le dec\u00edan al pueblo de\nM\u00e9xico? Que hab\u00eda que apretarse el cintur\u00f3n. Pues ahora se tiene que apretar el\ncintur\u00f3n el gobierno, incluido el INE, todos\u201d, argument\u00f3 el Presidente de la\nRep\u00fablica ante reporteros en su habitual conferencia de prensa, en Palacio\nNacional.<\/p>\n\n\n\n<p>A\npregunta expresa de un periodista sobre la reacci\u00f3n del INE a la disminuci\u00f3n de\nsu presupuesto de mil 72 millones de pesos, lo cual le afectar\u00e1 en su capacidad\nde organizaci\u00f3n electoral, el Presidente dijo que todos quienes forman el\nservicio p\u00fablico deben ajustarse a las circunstancias econ\u00f3micas:<\/p>\n\n\n\n<p>\u201cY\nlo otro tambi\u00e9n es \u00bfSaben cu\u00e1nto nos apretamos nosotros aqu\u00ed el cintur\u00f3n en la\nPresidencia? Lo repito, se ejercieron el a\u00f1o pasado tres mil 600 millones y\neste a\u00f1o vamos a ejercer 800.<\/p>\n\n\n\n<p>\u00bfDe\ncu\u00e1nto fue el apret\u00f3n del cintur\u00f3n? Dos mil 400 millones y funciona la\nPresidencia, trabajamos todos los d\u00edas, o sea, una reducci\u00f3n considerable, se\nest\u00e1 manejando una cuarta parte del presupuesto que se manejaba o que se manej\u00f3\nel a\u00f1o pasado.<\/p>\n\n\n\n<p>Abund\u00f3\nque en el INE hay alto gasto corriente y ejemplific\u00f3 el tema de los sueldos de\nlos consejeros.<\/p>\n\n\n\n<p>\u201cEl\ngobierno se tragaba todo el presupuesto, no le llegaba nada a la gente, todo\nera para pagar sueldos elevad\u00edsimos. Bueno, los consejeros del INE, 300 mil\npesos mensuales\u201d.<\/p>\n\n\n\n<p>Y\na\u00fan m\u00e1s, expres\u00f3 que, en el caso del Tribunal Electoral, buscaban hasta la\nterminaci\u00f3n del mandato, recibir una pensi\u00f3n equivalente al sueldo que recib\u00edan\nen activo. Abusaron. Eso ya no se puede.<\/p>\n\n\n\n<p>No\nobstante, el mandatario propuso una salida al apret\u00f3n presupuestal en el INE:<\/p>\n\n\n\n<p>&nbsp;\u201cYo\npienso que ah\u00ed los partidos deber\u00edan de aprobar una reforma para disminuir el\ndinero que reciben. Y s\u00ed hace falta ayudarle al INE, porque es mucho el dinero\nque reciben los partidos.\u201d<\/p>\n\n\n\n<p>Sin\nembargo, record\u00f3: hubo una iniciativa para reducir a la mitad el presupuesto de\nlos partidos y no pas\u00f3, se opuso creo que el PAN, entre otros<\/p>\n\n\n\n<p>Entonces,\nnada de que \u2018no se puede, no nos va a alcanzar, vamos a poner en riesgo el\ndesarrollo, la democracia, el bienestar, la seguridad\u2019, dijo AMLO.<\/p>\n","protected":false},"excerpt":{"rendered":"<p>Pedro Garc\u00eda CDMX.- Al puntualizar que ya pas\u00f3 el tiempo de los gobiernos mantenidos y buenos para nada, el presidente L\u00f3pez Obrador demand\u00f3 al Instituto Nacional Electoral someterse a la austeridad. Que se aprieten el cintur\u00f3n, como se dec\u00eda antes. \u00bfQu\u00e9 le dec\u00edan al pueblo de M\u00e9xico? Que hab\u00eda que apretarse el cintur\u00f3n. Pues ahora [&hellip;]<\/p>\n","protected":false},"author":1,"featured_media":17393,"comment_status":"open","ping_status":"open","sticky":true,"template":"","format":"standard","meta":{"footnotes":""},"categories":[2,3],"tags":[],"_links":{"self":[{"href":"https:\/\/diariodigitalmx.com\/index.php\/wp-json\/wp\/v2\/posts\/17389"}],"collection":[{"href":"https:\/\/diariodigitalmx.com\/index.php\/wp-json\/wp\/v2\/posts"}],"about":[{"href":"https:\/\/diariodigitalmx.com\/index.php\/wp-json\/wp\/v2\/types\/post"}],"author":[{"embeddable":true,"href":"https:\/\/diariodigitalmx.com\/index.php\/wp-json\/wp\/v2\/users\/1"}],"replies":[{"embeddable":true,"href":"https:\/\/diariodigitalmx.com\/index.php\/wp-json\/wp\/v2\/comments?post=17389"}],"version-history":[{"count":2,"href":"https:\/\/diariodigitalmx.com\/index.php\/wp-json\/wp\/v2\/posts\/17389\/revisions"}],"predecessor-version":[{"id":17391,"href":"https:\/\/diariodigitalmx.com\/index.php\/wp-json\/wp\/v2\/posts\/17389\/revisions\/17391"}],"wp:featuredmedia":[{"embeddable":true,"href":"https:\/\/diariodigitalmx.com\/index.php\/wp-json\/wp\/v2\/media\/17393"}],"wp:attachment":[{"href":"https:\/\/diariodigitalmx.com\/index.php\/wp-json\/wp\/v2\/media?parent=17389"}],"wp:term":[{"taxonomy":"category","embeddable":true,"href":"https:\/\/diariodigitalmx.com\/index.php\/wp-json\/wp\/v2\/categories?post=17389"},{"taxonomy":"post_tag","embeddable":true,"href":"https:\/\/diariodigitalmx.com\/index.php\/wp-json\/wp\/v2\/tags?post=17389"}],"curies":[{"name":"wp","href":"https:\/\/api.w.org\/{rel}","templated":true}]}}