{"id":17416,"date":"2019-11-22T23:08:34","date_gmt":"2019-11-23T05:08:34","guid":{"rendered":"http:\/\/diariodigitalmx.com\/?p=17416"},"modified":"2019-11-22T23:12:05","modified_gmt":"2019-11-23T05:12:05","slug":"17416","status":"publish","type":"post","link":"https:\/\/diariodigitalmx.com\/index.php\/2019\/11\/22\/17416\/","title":{"rendered":"Aprueban proyecto de atenci\u00f3n ciudadana del Instituto de Defensor\u00eda P\u00fablica"},"content":{"rendered":"\n<p>Monterrey, N. L- Se analiz\u00f3, discuti\u00f3 y aprob\u00f3 el nuevo proyecto de atenci\u00f3n ciudadana que implementar\u00e1 el Instituto de la Defensor\u00eda P\u00fablica.<br><\/p>\n\n\n\n<p>Ello, permitir\u00e1 detectar con mayor precisi\u00f3n los pol\u00edgonos y zonas de conflicto que requieran mayor atenci\u00f3n del Instituto de acuerdo a informaci\u00f3n con la que se cuenta y as\u00ed poder ofrecer con mayor rapidez,\u00a0 una mejor y mayor cobertura de prevenci\u00f3n y atenci\u00f3n, inform\u00f3 Jes\u00fas Villarreal Mart\u00ednez, presidente del Consejo Consultivo del Instituto de la Defensor\u00eda P\u00fablica del estado de Nuevo Le\u00f3n.<\/p>\n\n\n\n<p><br><\/p>\n\n\n\n<figure class=\"wp-block-image\"><img loading=\"lazy\" decoding=\"async\" width=\"1024\" height=\"681\" src=\"http:\/\/diariodigitalmx.com\/wp-content\/uploads\/2019\/11\/IMG-20191122-WA0025-1024x681.jpg\" alt=\"\" class=\"wp-image-17423\" srcset=\"https:\/\/diariodigitalmx.com\/wp-content\/uploads\/2019\/11\/IMG-20191122-WA0025.jpg 1024w, https:\/\/diariodigitalmx.com\/wp-content\/uploads\/2019\/11\/IMG-20191122-WA0025-300x200.jpg 300w, https:\/\/diariodigitalmx.com\/wp-content\/uploads\/2019\/11\/IMG-20191122-WA0025-768x511.jpg 768w\" sizes=\"(max-width: 1024px) 100vw, 1024px\" \/><\/figure>\n\n\n\n<p>El abogado Villarreal presidi\u00f3 la sesi\u00f3n mensual del organismo, la cual se desarroll\u00f3 en el \u00e1rea de Posgrado de la Facultad de Derecho y Criminolog\u00eda de la Universidad Aut\u00f3noma de Nuevo Le\u00f3n.<br><\/p>\n\n\n\n<p>El programa permitir\u00e1 que el organismo contin\u00fae cumpliendo con mayor eficacia, prontitud y profesionalismo su compromiso social de defender a los ciudadanos con mayor vulnerabilidad, explic\u00f3 Villarreal Mart\u00ednez.<\/p>\n\n\n\n<p><br><\/p>\n\n\n\n<figure class=\"wp-block-image\"><img loading=\"lazy\" decoding=\"async\" width=\"1024\" height=\"768\" src=\"http:\/\/diariodigitalmx.com\/wp-content\/uploads\/2019\/11\/IMG-20191122-WA0024-1024x768.jpg\" alt=\"\" class=\"wp-image-17425\" srcset=\"https:\/\/diariodigitalmx.com\/wp-content\/uploads\/2019\/11\/IMG-20191122-WA0024-1024x768.jpg 1024w, https:\/\/diariodigitalmx.com\/wp-content\/uploads\/2019\/11\/IMG-20191122-WA0024-300x225.jpg 300w, https:\/\/diariodigitalmx.com\/wp-content\/uploads\/2019\/11\/IMG-20191122-WA0024-768x576.jpg 768w, https:\/\/diariodigitalmx.com\/wp-content\/uploads\/2019\/11\/IMG-20191122-WA0024.jpg 1280w\" sizes=\"(max-width: 1024px) 100vw, 1024px\" \/><\/figure>\n\n\n\n<figure class=\"wp-block-image\"><img loading=\"lazy\" decoding=\"async\" width=\"1024\" height=\"681\" src=\"http:\/\/diariodigitalmx.com\/wp-content\/uploads\/2019\/11\/IMG-20191122-WA0027-1024x681.jpg\" alt=\"\" class=\"wp-image-17427\" srcset=\"https:\/\/diariodigitalmx.com\/wp-content\/uploads\/2019\/11\/IMG-20191122-WA0027.jpg 1024w, https:\/\/diariodigitalmx.com\/wp-content\/uploads\/2019\/11\/IMG-20191122-WA0027-300x200.jpg 300w, https:\/\/diariodigitalmx.com\/wp-content\/uploads\/2019\/11\/IMG-20191122-WA0027-768x511.jpg 768w\" sizes=\"(max-width: 1024px) 100vw, 1024px\" \/><\/figure>\n\n\n\n<p>De esta forma, agradeci\u00f3&nbsp; a todas y a todos los integrantes del Consejo por sus valiosas aportaciones y al&nbsp; Maestro \u00d3scar Lugo Serrato, director de la Facultad de Derecho y Criminolog\u00eda de la UANL, el haber sido el anfitri\u00f3n de la fruct\u00edfera reuni\u00f3n.<br><\/p>\n\n\n\n<p>Tambi\u00e9n felicit\u00f3 a todo el equipo de trabajo que dirige Santiago Piconne por el importante esfuerzo para mejorar la atenci\u00f3n a los ciudadanos.<\/p>\n","protected":false},"excerpt":{"rendered":"<p>Monterrey, N. L- Se analiz\u00f3, discuti\u00f3 y aprob\u00f3 el nuevo proyecto de atenci\u00f3n ciudadana que implementar\u00e1 el Instituto de la Defensor\u00eda P\u00fablica. Ello, permitir\u00e1 detectar con mayor precisi\u00f3n los pol\u00edgonos y zonas de conflicto que requieran mayor atenci\u00f3n del Instituto de acuerdo a informaci\u00f3n con la que se cuenta y as\u00ed poder ofrecer con mayor [&hellip;]<\/p>\n","protected":false},"author":1,"featured_media":17421,"comment_status":"open","ping_status":"open","sticky":false,"template":"","format":"standard","meta":{"footnotes":""},"categories":[6,5],"tags":[],"_links":{"self":[{"href":"https:\/\/diariodigitalmx.com\/index.php\/wp-json\/wp\/v2\/posts\/17416"}],"collection":[{"href":"https:\/\/diariodigitalmx.com\/index.php\/wp-json\/wp\/v2\/posts"}],"about":[{"href":"https:\/\/diariodigitalmx.com\/index.php\/wp-json\/wp\/v2\/types\/post"}],"author":[{"embeddable":true,"href":"https:\/\/diariodigitalmx.com\/index.php\/wp-json\/wp\/v2\/users\/1"}],"replies":[{"embeddable":true,"href":"https:\/\/diariodigitalmx.com\/index.php\/wp-json\/wp\/v2\/comments?post=17416"}],"version-history":[{"count":5,"href":"https:\/\/diariodigitalmx.com\/index.php\/wp-json\/wp\/v2\/posts\/17416\/revisions"}],"predecessor-version":[{"id":17428,"href":"https:\/\/diariodigitalmx.com\/index.php\/wp-json\/wp\/v2\/posts\/17416\/revisions\/17428"}],"wp:featuredmedia":[{"embeddable":true,"href":"https:\/\/diariodigitalmx.com\/index.php\/wp-json\/wp\/v2\/media\/17421"}],"wp:attachment":[{"href":"https:\/\/diariodigitalmx.com\/index.php\/wp-json\/wp\/v2\/media?parent=17416"}],"wp:term":[{"taxonomy":"category","embeddable":true,"href":"https:\/\/diariodigitalmx.com\/index.php\/wp-json\/wp\/v2\/categories?post=17416"},{"taxonomy":"post_tag","embeddable":true,"href":"https:\/\/diariodigitalmx.com\/index.php\/wp-json\/wp\/v2\/tags?post=17416"}],"curies":[{"name":"wp","href":"https:\/\/api.w.org\/{rel}","templated":true}]}}