{"id":1744,"date":"2019-03-29T17:18:16","date_gmt":"2019-03-29T23:18:16","guid":{"rendered":"http:\/\/diariodigitalmx.com\/?p=1744"},"modified":"2019-03-29T17:18:17","modified_gmt":"2019-03-29T23:18:17","slug":"andres-perez-sustaita-testigo-y-protagonista-de-la-lucha-libre","status":"publish","type":"post","link":"https:\/\/diariodigitalmx.com\/index.php\/2019\/03\/29\/andres-perez-sustaita-testigo-y-protagonista-de-la-lucha-libre\/","title":{"rendered":"Andr\u00e9s P\u00e9rez Sustaita, testigo y protagonista de la Lucha Libre"},"content":{"rendered":"\n<p>Por Guillermo G\u00f3mez.<br>Foto : Carlos Isaak Dom\u00ednguez.<br><br><\/p>\n\n\n\n<p>Un conflicto social, una haza\u00f1a deportiva o un desastre natural pueden ser temas de una cr\u00f3nica, igual que una trayectoria personal o institucional.<br>Seg\u00fan el escritor y periodista mexicano Carlos Monsiv\u00e1is, el cronista es el \u201cmaestro del arte de comentar literalmente y cr\u00edticamente la realidad\u201d.\u00a0<br>En una cultura como la nuestra, saturada por las nuevas tecnolog\u00edas que promueven ante todo la masificaci\u00f3n de la informaci\u00f3n y la sobrevaloraci\u00f3n del instante, la cr\u00f3nica es ese relato del presente, cargado de humanidad y calidad expresiva, que sobrevive en un pu\u00f1ado de medios independientes, publicaciones alternativas y libros.\u00a0<\/p>\n\n\n\n<p><br>La memoria en cualquier actividad humana (la pol\u00edtica, las bellas artes, los deportes) nos permite reflexionar tanto a los protagonistas como al p\u00fablico en general y el cronista Andr\u00e9s P\u00e9rez Sustaita le ha dado a la lucha libre un invaluable aporte de historia y conocimiento basado en una exhaustiva labor de investigaci\u00f3n, consulta de su vasto archivo hemerogr\u00e1fico y sus vivencias personales.<\/p>\n\n\n\n<p><br>Prensa escrita, Radio, Televisi\u00f3n y en a\u00f1os recientes como autor de libros son algunas de las trincheras donde nos ha compartido su talento; hoy Andr\u00e9s celebra un aniversario m\u00e1s junto a su peque\u00f1a hija Andrea, para ellos nuestra m\u00e1s calurosa felicitaci\u00f3n.<\/p>\n","protected":false},"excerpt":{"rendered":"<p>Por Guillermo G\u00f3mez.Foto : Carlos Isaak Dom\u00ednguez. Un conflicto social, una haza\u00f1a deportiva o un desastre natural pueden ser temas de una cr\u00f3nica, igual que una trayectoria personal o institucional.Seg\u00fan el escritor y periodista mexicano Carlos Monsiv\u00e1is, el cronista es el \u201cmaestro del arte de comentar literalmente y cr\u00edticamente la realidad\u201d.\u00a0En una cultura como la [&hellip;]<\/p>\n","protected":false},"author":1,"featured_media":1745,"comment_status":"open","ping_status":"open","sticky":true,"template":"","format":"standard","meta":{"footnotes":""},"categories":[8],"tags":[],"_links":{"self":[{"href":"https:\/\/diariodigitalmx.com\/index.php\/wp-json\/wp\/v2\/posts\/1744"}],"collection":[{"href":"https:\/\/diariodigitalmx.com\/index.php\/wp-json\/wp\/v2\/posts"}],"about":[{"href":"https:\/\/diariodigitalmx.com\/index.php\/wp-json\/wp\/v2\/types\/post"}],"author":[{"embeddable":true,"href":"https:\/\/diariodigitalmx.com\/index.php\/wp-json\/wp\/v2\/users\/1"}],"replies":[{"embeddable":true,"href":"https:\/\/diariodigitalmx.com\/index.php\/wp-json\/wp\/v2\/comments?post=1744"}],"version-history":[{"count":1,"href":"https:\/\/diariodigitalmx.com\/index.php\/wp-json\/wp\/v2\/posts\/1744\/revisions"}],"predecessor-version":[{"id":1746,"href":"https:\/\/diariodigitalmx.com\/index.php\/wp-json\/wp\/v2\/posts\/1744\/revisions\/1746"}],"wp:featuredmedia":[{"embeddable":true,"href":"https:\/\/diariodigitalmx.com\/index.php\/wp-json\/wp\/v2\/media\/1745"}],"wp:attachment":[{"href":"https:\/\/diariodigitalmx.com\/index.php\/wp-json\/wp\/v2\/media?parent=1744"}],"wp:term":[{"taxonomy":"category","embeddable":true,"href":"https:\/\/diariodigitalmx.com\/index.php\/wp-json\/wp\/v2\/categories?post=1744"},{"taxonomy":"post_tag","embeddable":true,"href":"https:\/\/diariodigitalmx.com\/index.php\/wp-json\/wp\/v2\/tags?post=1744"}],"curies":[{"name":"wp","href":"https:\/\/api.w.org\/{rel}","templated":true}]}}