{"id":17449,"date":"2019-11-23T21:52:06","date_gmt":"2019-11-24T03:52:06","guid":{"rendered":"http:\/\/diariodigitalmx.com\/?p=17449"},"modified":"2019-11-23T21:53:17","modified_gmt":"2019-11-24T03:53:17","slug":"aprueban-nuevas-elecciones-en-bolivia-pero-sin-evo-morales","status":"publish","type":"post","link":"https:\/\/diariodigitalmx.com\/index.php\/2019\/11\/23\/aprueban-nuevas-elecciones-en-bolivia-pero-sin-evo-morales\/","title":{"rendered":"Aprueban nuevas elecciones en Bolivia, pero sin Evo Morales"},"content":{"rendered":"\n<p>El Senado de Bolivia aprob\u00f3 por unanimidad la convocatoria a nuevas elecciones, a las que no podr\u00e1 presentarse el ex presidente Evo Morales, tras un acuerdo consensuado por todas las fuerzas pol\u00edticas, incluido el partido del l\u00edder bolivariano, Movimiento al Socialismo (MAS).<\/p>\n\n\n\n<p>Los senadores respaldaron el proyecto de ley, que promulga la celebraci\u00f3n de nuevas elecciones y cuya regla m\u00e1s importante es que queda prohibido que cualquier cargo electo en los dos periodos constitucionales anteriores, no podr\u00e1n postularse como candidatos al mismo cargo electivo.<\/p>\n\n\n\n<p>Dada la unanimidad en la c\u00e1mara alta, se espera que el proyecto sea aprobado en la C\u00e1mara de Diputados y ratificado por parte de la presidenta interina Jeanine \u00c1\u00f1ez.<\/p>\n\n\n\n<p>\u201cTenemos que generar confianza en la poblaci\u00f3n\u201d, declar\u00f3 Omar Aguilar, senador por el partido de Evo.<\/p>\n\n\n\n<figure class=\"wp-block-image\"><img loading=\"lazy\" decoding=\"async\" width=\"728\" height=\"421\" src=\"http:\/\/diariodigitalmx.com\/wp-content\/uploads\/2019\/11\/images-1-17.jpeg\" alt=\"\" class=\"wp-image-17454\" srcset=\"https:\/\/diariodigitalmx.com\/wp-content\/uploads\/2019\/11\/images-1-17.jpeg 728w, https:\/\/diariodigitalmx.com\/wp-content\/uploads\/2019\/11\/images-1-17-300x173.jpeg 300w\" sizes=\"(max-width: 728px) 100vw, 728px\" \/><\/figure>\n\n\n\n<p><strong>DESINFLAR LA CRISIS.&nbsp;<\/strong>El acuerdo de todos los partidos tuvo un efecto inmediato y beneficioso para desinflar la crisis en la calle.<\/p>\n\n\n\n<p>Los puntos de bloqueos fueron abandonados y las protestas cedieron, adem\u00e1s de que en La Paz empez\u00f3 el abasto de alimentos. El cerco en la planta de combustible en la vecina ciudad de El Alto fue despejado y se reanud\u00f3 el suministro de gasolina, di\u00e9sel y gas.<\/p>\n\n\n\n<p><strong>MORALES, SIN INMUNIDAD.&nbsp;<\/strong>En lo que no transigi\u00f3 la presidenta interina de Bolivia fue en promulgar una ley para dar inmunidad a Evo y al resto de autoridades que nombr\u00f3 como presidente.<\/p>\n\n\n\n<p>\u00c1\u00f1ez acus\u00f3 al Movimiento al Socialismo (MAS), el partido de Morales, de pretender aprovechar su mayor\u00eda parlamentaria para dejar impunes a quienes hayan cometido delitos y &#8220;burlado de la ley&#8221;.<\/p>\n\n\n\n<p>El proyecto del MAS fue presentado ayer, un d\u00eda despu\u00e9s de que el gobierno de \u00c1\u00f1ez denunciara ante la Fiscal\u00eda por cargos de terrorismo y sedici\u00f3n a Morales, quien abandon\u00f3 Bolivia despu\u00e9s de que las Fuerzas Armadas le forzaran a dejar la Presidencia y recibi\u00f3 asilo en M\u00e9xico.<\/p>\n\n\n\n<p>&#8220;Quiero denunciar ante el pa\u00eds que parlamentarios del Movimiento al Socialismo tienen la intenci\u00f3n de aprobar una ley para favorecer a quienes han cometido delitos y ahora pretenden obtener impunidad&#8221;, subray\u00f3 \u00c1\u00f1ez en un breve discurso al pa\u00eds. &#8220;No voy a promulgar esa ley. No vamos a participar escribiendo una historia de infamia&#8221;, concluy\u00f3 en un discurso desde el palacio de Gobierno en La Paz.<\/p>\n","protected":false},"excerpt":{"rendered":"<p>El Senado de Bolivia aprob\u00f3 por unanimidad la convocatoria a nuevas elecciones, a las que no podr\u00e1 presentarse el ex presidente Evo Morales, tras un acuerdo consensuado por todas las fuerzas pol\u00edticas, incluido el partido del l\u00edder bolivariano, Movimiento al Socialismo (MAS). Los senadores respaldaron el proyecto de ley, que promulga la celebraci\u00f3n de nuevas [&hellip;]<\/p>\n","protected":false},"author":1,"featured_media":17453,"comment_status":"open","ping_status":"open","sticky":false,"template":"","format":"standard","meta":{"footnotes":""},"categories":[4,5],"tags":[],"_links":{"self":[{"href":"https:\/\/diariodigitalmx.com\/index.php\/wp-json\/wp\/v2\/posts\/17449"}],"collection":[{"href":"https:\/\/diariodigitalmx.com\/index.php\/wp-json\/wp\/v2\/posts"}],"about":[{"href":"https:\/\/diariodigitalmx.com\/index.php\/wp-json\/wp\/v2\/types\/post"}],"author":[{"embeddable":true,"href":"https:\/\/diariodigitalmx.com\/index.php\/wp-json\/wp\/v2\/users\/1"}],"replies":[{"embeddable":true,"href":"https:\/\/diariodigitalmx.com\/index.php\/wp-json\/wp\/v2\/comments?post=17449"}],"version-history":[{"count":3,"href":"https:\/\/diariodigitalmx.com\/index.php\/wp-json\/wp\/v2\/posts\/17449\/revisions"}],"predecessor-version":[{"id":17455,"href":"https:\/\/diariodigitalmx.com\/index.php\/wp-json\/wp\/v2\/posts\/17449\/revisions\/17455"}],"wp:featuredmedia":[{"embeddable":true,"href":"https:\/\/diariodigitalmx.com\/index.php\/wp-json\/wp\/v2\/media\/17453"}],"wp:attachment":[{"href":"https:\/\/diariodigitalmx.com\/index.php\/wp-json\/wp\/v2\/media?parent=17449"}],"wp:term":[{"taxonomy":"category","embeddable":true,"href":"https:\/\/diariodigitalmx.com\/index.php\/wp-json\/wp\/v2\/categories?post=17449"},{"taxonomy":"post_tag","embeddable":true,"href":"https:\/\/diariodigitalmx.com\/index.php\/wp-json\/wp\/v2\/tags?post=17449"}],"curies":[{"name":"wp","href":"https:\/\/api.w.org\/{rel}","templated":true}]}}