{"id":17460,"date":"2019-11-23T22:00:28","date_gmt":"2019-11-24T04:00:28","guid":{"rendered":"http:\/\/diariodigitalmx.com\/?p=17460"},"modified":"2019-11-23T22:02:00","modified_gmt":"2019-11-24T04:02:00","slug":"convenientes-las-metas-fijadas-en-el-presupuesto-2020-banxico","status":"publish","type":"post","link":"https:\/\/diariodigitalmx.com\/index.php\/2019\/11\/23\/convenientes-las-metas-fijadas-en-el-presupuesto-2020-banxico\/","title":{"rendered":"Convenientes las metas fijadas en el presupuesto 2020: Banxico"},"content":{"rendered":"\n<p>El gobernador del Banco de M\u00e9xico (Banxico), Alejandro D\u00edaz de Le\u00f3n, estim\u00f3 que las metas planteadas en el&nbsp;Presupuesto de Egresos de la Federaci\u00f3n (PEF) 2020, son convenientes.<\/p>\n\n\n\n<p>Tras la celebraci\u00f3n del 25 Aniversario de la Autonom\u00eda del Banxico, previ\u00f3 que la pr\u00f3xima semana el instituto central dar\u00e1 a conocer sus pron\u00f3sticos de inflaci\u00f3n de crecimiento de la econom\u00eda mexicana.<\/p>\n\n\n\n<p>D\u00edaz de Le\u00f3n record\u00f3 que en el \u00faltimo comunicado de pol\u00edtica monetaria se alcanzaron tanto las metas para este a\u00f1o.<\/p>\n\n\n\n<p>\u201cEso refleja que las metas que se han planteado son convenientes y en cuanto a los temas de crecimiento, lo estaremos viendo el mi\u00e9rcoles de la semana que entra, donde se sabe que revisamos tanto pron\u00f3sticos de inflaci\u00f3n, como de crecimiento&#8221;.<\/p>\n\n\n\n<p>Asimismo, el gobernador del banco central coment\u00f3 que no existen elementos hasta este momento para que se d\u00e9 una recesi\u00f3n a nivel mundial de la econom\u00eda, ni por organismos internacionales, ni de econom\u00edas avanzadas.<\/p>\n\n\n\n<p>\u201cNo es el escenario central, ni de las instituciones multilaterales, ni de las principales o las econom\u00edas m\u00e1s grandes del mundo, inclusive hemos visto el caso de Estados Unidos donde la Reserva Federal ha mostrado cierta satisfacci\u00f3n con el balance de riesgos que alcanzado&#8221;.<\/p>\n\n\n\n<p>En este sentido, coment\u00f3 que esto apunta la Fed tiene una perspectiva de<\/p>\n","protected":false},"excerpt":{"rendered":"<p>El gobernador del Banco de M\u00e9xico (Banxico), Alejandro D\u00edaz de Le\u00f3n, estim\u00f3 que las metas planteadas en el&nbsp;Presupuesto de Egresos de la Federaci\u00f3n (PEF) 2020, son convenientes. Tras la celebraci\u00f3n del 25 Aniversario de la Autonom\u00eda del Banxico, previ\u00f3 que la pr\u00f3xima semana el instituto central dar\u00e1 a conocer sus pron\u00f3sticos de inflaci\u00f3n de crecimiento [&hellip;]<\/p>\n","protected":false},"author":1,"featured_media":17463,"comment_status":"open","ping_status":"open","sticky":false,"template":"","format":"standard","meta":{"footnotes":""},"categories":[10,5],"tags":[],"_links":{"self":[{"href":"https:\/\/diariodigitalmx.com\/index.php\/wp-json\/wp\/v2\/posts\/17460"}],"collection":[{"href":"https:\/\/diariodigitalmx.com\/index.php\/wp-json\/wp\/v2\/posts"}],"about":[{"href":"https:\/\/diariodigitalmx.com\/index.php\/wp-json\/wp\/v2\/types\/post"}],"author":[{"embeddable":true,"href":"https:\/\/diariodigitalmx.com\/index.php\/wp-json\/wp\/v2\/users\/1"}],"replies":[{"embeddable":true,"href":"https:\/\/diariodigitalmx.com\/index.php\/wp-json\/wp\/v2\/comments?post=17460"}],"version-history":[{"count":3,"href":"https:\/\/diariodigitalmx.com\/index.php\/wp-json\/wp\/v2\/posts\/17460\/revisions"}],"predecessor-version":[{"id":17464,"href":"https:\/\/diariodigitalmx.com\/index.php\/wp-json\/wp\/v2\/posts\/17460\/revisions\/17464"}],"wp:featuredmedia":[{"embeddable":true,"href":"https:\/\/diariodigitalmx.com\/index.php\/wp-json\/wp\/v2\/media\/17463"}],"wp:attachment":[{"href":"https:\/\/diariodigitalmx.com\/index.php\/wp-json\/wp\/v2\/media?parent=17460"}],"wp:term":[{"taxonomy":"category","embeddable":true,"href":"https:\/\/diariodigitalmx.com\/index.php\/wp-json\/wp\/v2\/categories?post=17460"},{"taxonomy":"post_tag","embeddable":true,"href":"https:\/\/diariodigitalmx.com\/index.php\/wp-json\/wp\/v2\/tags?post=17460"}],"curies":[{"name":"wp","href":"https:\/\/api.w.org\/{rel}","templated":true}]}}