{"id":17501,"date":"2019-11-24T15:58:37","date_gmt":"2019-11-24T21:58:37","guid":{"rendered":"http:\/\/diariodigitalmx.com\/?p=17501"},"modified":"2019-11-24T16:00:29","modified_gmt":"2019-11-24T22:00:29","slug":"17501","status":"publish","type":"post","link":"https:\/\/diariodigitalmx.com\/index.php\/2019\/11\/24\/17501\/","title":{"rendered":"Inicia Flash en casa camino al t\u00edtulo"},"content":{"rendered":"\n<p><strong>-Ser\u00e1 este lunes 25 de noviembre en punto de las 20:05 en la Arena Monterrey donde saldr\u00e1 a la conquista de su segundo triunfo de la temporada.<\/strong><br><\/p>\n\n\n\n<p>Monterrey, N.L.\/Prensa Mty. Flash.- Con el \u00e1nimo en todo lo alto luego de su primera victoria como visitante, ahora en su casa y con su gente, el Monterrey Flash buscar\u00e1 este lunes su segundo triunfo en la temporada 2019- 2020 de la Major Arena Soccer League (MASL).<br><\/p>\n\n\n\n<p>La escuadra regiomontana realizar\u00e1 su presentaci\u00f3n oficial frente a su afici\u00f3n enfrentando a los Soles, quienes pagar\u00e1n la visita, despu\u00e9s de que el Flash viaj\u00f3 a Hermosillo y los venci\u00f3 10-8, la noche del pasado 22 de noviembre en el Centro de Usos M\u00faltiples de la capital sonorense.<br><\/p>\n\n\n\n<p>Los dirigidos por Luis Jaime Borrego buscar\u00e1n seguir comandando la Divisi\u00f3n Suroeste de la Major Arena Soccer League, donde actualmente se ubican como el l\u00edderes con marca de 1-0, con 10 goles a favor y 8 en contra, para una diferencia de +2 y 3 puntos, mientras que Los Soles de Sonora se colocan en la parte baja del mismo grupo con n\u00fameros a\u00f1os inversa del Flash y sin unidades sumadas.<br><\/p>\n\n\n\n<p>Para este lunes el delantero del Flash \u00c9dgar \u201cTorrez\u201d Gonz\u00e1lez, tratar\u00e1 de seguir con racha su goleadora, luego de los 4 tantos que anot\u00f3 en la jornada inaugural frente a los sonorenses. Bryan Aguilar tambi\u00e9n destac\u00f3 al sumar 3 puntos en la noche.<br><\/p>\n\n\n\n<p>Por los Soles habr\u00e1 que cuidar al &#8220;Toro&#8221; Alejandro Leyva, quien tambi\u00e9n sum\u00f3 4 unidades en la primera fecha, gracias a 2 asistencias y 2 goles conseguidos ante el Flash.<\/p>\n","protected":false},"excerpt":{"rendered":"<p>-Ser\u00e1 este lunes 25 de noviembre en punto de las 20:05 en la Arena Monterrey donde saldr\u00e1 a la conquista de su segundo triunfo de la temporada. Monterrey, N.L.\/Prensa Mty. Flash.- Con el \u00e1nimo en todo lo alto luego de su primera victoria como visitante, ahora en su casa y con su gente, el Monterrey [&hellip;]<\/p>\n","protected":false},"author":1,"featured_media":17504,"comment_status":"open","ping_status":"open","sticky":false,"template":"","format":"standard","meta":{"footnotes":""},"categories":[8,5],"tags":[],"_links":{"self":[{"href":"https:\/\/diariodigitalmx.com\/index.php\/wp-json\/wp\/v2\/posts\/17501"}],"collection":[{"href":"https:\/\/diariodigitalmx.com\/index.php\/wp-json\/wp\/v2\/posts"}],"about":[{"href":"https:\/\/diariodigitalmx.com\/index.php\/wp-json\/wp\/v2\/types\/post"}],"author":[{"embeddable":true,"href":"https:\/\/diariodigitalmx.com\/index.php\/wp-json\/wp\/v2\/users\/1"}],"replies":[{"embeddable":true,"href":"https:\/\/diariodigitalmx.com\/index.php\/wp-json\/wp\/v2\/comments?post=17501"}],"version-history":[{"count":2,"href":"https:\/\/diariodigitalmx.com\/index.php\/wp-json\/wp\/v2\/posts\/17501\/revisions"}],"predecessor-version":[{"id":17503,"href":"https:\/\/diariodigitalmx.com\/index.php\/wp-json\/wp\/v2\/posts\/17501\/revisions\/17503"}],"wp:featuredmedia":[{"embeddable":true,"href":"https:\/\/diariodigitalmx.com\/index.php\/wp-json\/wp\/v2\/media\/17504"}],"wp:attachment":[{"href":"https:\/\/diariodigitalmx.com\/index.php\/wp-json\/wp\/v2\/media?parent=17501"}],"wp:term":[{"taxonomy":"category","embeddable":true,"href":"https:\/\/diariodigitalmx.com\/index.php\/wp-json\/wp\/v2\/categories?post=17501"},{"taxonomy":"post_tag","embeddable":true,"href":"https:\/\/diariodigitalmx.com\/index.php\/wp-json\/wp\/v2\/tags?post=17501"}],"curies":[{"name":"wp","href":"https:\/\/api.w.org\/{rel}","templated":true}]}}