{"id":17506,"date":"2019-11-24T23:34:27","date_gmt":"2019-11-25T05:34:27","guid":{"rendered":"http:\/\/diariodigitalmx.com\/?p=17506"},"modified":"2019-11-24T23:34:59","modified_gmt":"2019-11-25T05:34:59","slug":"otras-burocracias-doradas","status":"publish","type":"post","link":"https:\/\/diariodigitalmx.com\/index.php\/2019\/11\/24\/otras-burocracias-doradas\/","title":{"rendered":"Otras \u201cBurocracias Doradas\u201d"},"content":{"rendered":"\n<p><br> Por Salvador Hern\u00e1ndez LANDEROS<br> Justo es reconocer la medida del presidente Andr\u00e9s Manuel al reducir el sueldo <br> a los funcionarios p\u00fablicos que \u00e9l calific\u00f3 como la \u201cBurocracia Dorada\u201d.<br> Sueldos superiores a los $2 y m\u00e1s de $3 millones anuales, mismos que<br> insultaban al asalariado m\u00ednimo, quien era el principal generador del pago.<br> Al reducir esas remuneraciones en el Presupuesto Federal, quienes se sintieron <br> \u201cafectados\u201d fueron los funcionarios federales del INE, IFC y del COFECE. <br> Claro que puede haber quien sea merecedor de ese sueldo, pero en el sector <br> privado, los espect\u00e1culos u otros oficios, pero ya no m\u00e1s en el sector oficial.<br> Pero ya entrados en gastos, ser\u00eda bueno que AMLO extendiera ese ajuste o <br> reducci\u00f3n salarial en otras \u201cBurocracias Doradas\u201d que existen en todo el Pa\u00eds.<br> Que esa Ley de Remuneraciones, que tal vez no est\u00e1 bien aterrizada, deb\u00eda <br> alcanzar a Senadores, Diputados Federales y Locales, Alcaldes y Regidores.<br> Porque adem\u00e1s de pagarles muy buen sueldo, disfrutan de veh\u00edculos, choferes, <br> gasolina, vi\u00e1ticos, seguro medico y hasta alcanza para toda su familia.<br> Que no pare en eso se\u00f1or presidente. Incluya tambi\u00e9n a los l\u00edderes sindicales, <br> de petroleros, magisteriales, bur\u00f3cratas federales, estatales y municipales.<br> Aqu\u00ed en Nuevo Le\u00f3n, le aseguramos, hay mucha materia prima con varios <br> l\u00edderes equiparados con el petrolero Carlos Romero Deschamps, a\u00fan libre.<br> Ahora, qu\u00e9 si quiere ahorrarle al gasto p\u00fablico, promueva una Ley en la que se <br> promueva que todo cargo electoral sea honor\u00edfico, como en alg\u00fan d\u00eda lo fue<br> chavalolanderos@yahoo.com.mx<\/p>\n","protected":false},"excerpt":{"rendered":"<p>Por Salvador Hern\u00e1ndez LANDEROS Justo es reconocer la medida del presidente Andr\u00e9s Manuel al reducir el sueldo a los funcionarios p\u00fablicos que \u00e9l calific\u00f3 como la \u201cBurocracia Dorada\u201d. Sueldos superiores a los $2 y m\u00e1s de $3 millones anuales, mismos que insultaban al asalariado m\u00ednimo, quien era el principal generador del pago. Al reducir esas [&hellip;]<\/p>\n","protected":false},"author":1,"featured_media":17508,"comment_status":"open","ping_status":"open","sticky":false,"template":"","format":"standard","meta":{"footnotes":""},"categories":[12,5],"tags":[],"_links":{"self":[{"href":"https:\/\/diariodigitalmx.com\/index.php\/wp-json\/wp\/v2\/posts\/17506"}],"collection":[{"href":"https:\/\/diariodigitalmx.com\/index.php\/wp-json\/wp\/v2\/posts"}],"about":[{"href":"https:\/\/diariodigitalmx.com\/index.php\/wp-json\/wp\/v2\/types\/post"}],"author":[{"embeddable":true,"href":"https:\/\/diariodigitalmx.com\/index.php\/wp-json\/wp\/v2\/users\/1"}],"replies":[{"embeddable":true,"href":"https:\/\/diariodigitalmx.com\/index.php\/wp-json\/wp\/v2\/comments?post=17506"}],"version-history":[{"count":1,"href":"https:\/\/diariodigitalmx.com\/index.php\/wp-json\/wp\/v2\/posts\/17506\/revisions"}],"predecessor-version":[{"id":17507,"href":"https:\/\/diariodigitalmx.com\/index.php\/wp-json\/wp\/v2\/posts\/17506\/revisions\/17507"}],"wp:featuredmedia":[{"embeddable":true,"href":"https:\/\/diariodigitalmx.com\/index.php\/wp-json\/wp\/v2\/media\/17508"}],"wp:attachment":[{"href":"https:\/\/diariodigitalmx.com\/index.php\/wp-json\/wp\/v2\/media?parent=17506"}],"wp:term":[{"taxonomy":"category","embeddable":true,"href":"https:\/\/diariodigitalmx.com\/index.php\/wp-json\/wp\/v2\/categories?post=17506"},{"taxonomy":"post_tag","embeddable":true,"href":"https:\/\/diariodigitalmx.com\/index.php\/wp-json\/wp\/v2\/tags?post=17506"}],"curies":[{"name":"wp","href":"https:\/\/api.w.org\/{rel}","templated":true}]}}