{"id":17514,"date":"2019-11-25T12:31:45","date_gmt":"2019-11-25T18:31:45","guid":{"rendered":"http:\/\/diariodigitalmx.com\/?p=17514"},"modified":"2019-11-25T12:31:46","modified_gmt":"2019-11-25T18:31:46","slug":"dice-ebrard-que-es-innecesario-catalogar-a-carteles-como-terroristas","status":"publish","type":"post","link":"https:\/\/diariodigitalmx.com\/index.php\/2019\/11\/25\/dice-ebrard-que-es-innecesario-catalogar-a-carteles-como-terroristas\/","title":{"rendered":"Dice Ebrard que es innecesario catalogar a c\u00e1rteles como terroristas"},"content":{"rendered":"\n<p>\n\nEl canciller mexicano, Marcelo Ebrard, consider\u00f3 este lunes &#8220;innecesario&#8221; calificar de &#8220;terrorismo&#8221; la actividad de los c\u00e1rteles del pa\u00eds como pidieron al Gobierno de Estados Unidos familias mormonas v\u00edctimas de la masacre del pasado 4 de noviembre.<\/p>\n\n\n\n<p>Este fin de semana, familiares de las v\u00edctimas mormonas del pasado 4 de noviembre -un tr\u00e1gico ataque armado que acab\u00f3 con la vida de seis ni\u00f1os y tres mujeres- pidieron al Gobierno estadounidense calificar de &#8220;terroristas&#8221; a los c\u00e1rteles en M\u00e9xico.<\/p>\n\n\n\n<p>En una misiva, que se puede leer en el portal Petitions White House, se hace referencia a que los c\u00e1rteles &#8220;controlan el flujo de opioides, hero\u00edna, metanfetaminas, coca\u00edna, fentanilo&#8221; que se introducen de contrabando a Estados Unidos desde M\u00e9xico.<\/p>\n\n\n\n<p>&#8220;Con recursos aparentemente ilimitados, ha resultado casi imposible detenerlos. Dirigen las principales redes de trata de personas. Secuestran y extorsionan con casi total impunidad. Sus actos desenfrenados de violencia y asesinato han invadido nuestras fronteras y creado una crisis internacional&#8221;, dice el texto.<\/p>\n\n\n\n<p>Alerta de que estas agrupaciones buscan &#8220;poder pol\u00edtico&#8221; para crear un &#8220;narcoestado&#8221; y termina diciendo: &#8220;\u00a1Son terroristas, y es hora de reconocerlo!&#8221;<\/p>\n\n\n\n<p>A ra\u00edz de este hecho, en la rueda de prensa este lunes desde Palacio Nacional, el titular de la Secretar\u00eda de Relaciones Exteriores (SRE) habl\u00f3 del concepto de &#8220;narcoterrorismo&#8221; y record\u00f3 que este tiene un &#8220;implicaci\u00f3n&#8221; y un &#8220;impacto jur\u00eddico internacional&#8221;.<\/p>\n\n\n\n<p>&#8220;Hay una legislaci\u00f3n norteamericana que posibilita que cuando se declara, se determina, a un grupo como terrorista, entonces se invocan estas disposiciones para actuar de manera directa&#8221;, dijo.<\/p>\n\n\n\n<p>Pero esto &#8220;por supuesto, M\u00e9xico jam\u00e1s lo aceptar\u00eda&#8221;.<\/p>\n\n\n\n<p>Pero &#8220;yo pienso que Estados Unidos no va a ir por esta ruta porque estamos trabajando juntos y porque no estar\u00eda interesado me parece en dar lugar que M\u00e9xico invocara&#8221; los mismos principios jur\u00eddicos.<\/p>\n\n\n\n<p>&#8220;No necesitas designar o clasificar un grupo espec\u00edfico como terrorista para que actuemos en conjunto contra de \u00e9l&#8221;, asever\u00f3.<\/p>\n\n\n\n<p>As\u00ed, habl\u00f3 de la cooperaci\u00f3n existente en la investigaci\u00f3n, en lugar de una injerencia estadounidense. &#8220;Adem\u00e1s de inconveniente, (declarar terroristas a los c\u00e1rteles) ser\u00eda innecesario&#8221;, agreg\u00f3 Ebrard, quien puso como buen ejemplo de cooperaci\u00f3n la lucha conjunta para frenar el tr\u00e1fico de armas de Estados Unidos a M\u00e9xico, o las extradiciones en curso.<\/p>\n\n\n\n<p>Finalmente asegur\u00f3 que hay &#8220;un avance considerable&#8221; y un &#8220;seguimiento muy cercano&#8221; al caso.<\/p>\n\n\n\n<p>Pero por el acuerdo de ambas partes -M\u00e9xico y EE.UU., que coadyuva en la investigaci\u00f3n- no se pueden dar avances del caso.<\/p>\n\n\n\n<p>En su turno de palabra, el presidente de M\u00e9xico, Andr\u00e9s Manuel L\u00f3pez Obrador, agradeci\u00f3 la buena relaci\u00f3n con Estados Unidos pero remarc\u00f3: &#8220;No somos vendepatrias&#8221; ni vamos a permitir &#8220;amenazas&#8221; ni &#8220;intervenci\u00f3n&#8221; de Gobiernos extranjeros.<\/p>\n\n\n\n<p>El 4 de noviembre un comando de sicarios atac\u00f3 a varias familias mormonas &#8211; los Miller y los Langford- dejando nueve v\u00edctimas mortales, -tres mujeres y seis ni\u00f1os- adem\u00e1s de varios menores heridos, un caso que conmocion\u00f3 al pa\u00eds por su nivel de violencia.<\/p>\n\n\n\n<p>Estados Unidos se ha implicado en la investigaci\u00f3n porque los fallecidos ten\u00edan doble nacionalidad.<br><\/p>\n","protected":false},"excerpt":{"rendered":"<p>El canciller mexicano, Marcelo Ebrard, consider\u00f3 este lunes &#8220;innecesario&#8221; calificar de &#8220;terrorismo&#8221; la actividad de los c\u00e1rteles del pa\u00eds como pidieron al Gobierno de Estados Unidos familias mormonas v\u00edctimas de la masacre del pasado 4 de noviembre. Este fin de semana, familiares de las v\u00edctimas mormonas del pasado 4 de noviembre -un tr\u00e1gico ataque armado [&hellip;]<\/p>\n","protected":false},"author":1,"featured_media":17515,"comment_status":"open","ping_status":"open","sticky":true,"template":"","format":"standard","meta":{"footnotes":""},"categories":[2,5],"tags":[],"_links":{"self":[{"href":"https:\/\/diariodigitalmx.com\/index.php\/wp-json\/wp\/v2\/posts\/17514"}],"collection":[{"href":"https:\/\/diariodigitalmx.com\/index.php\/wp-json\/wp\/v2\/posts"}],"about":[{"href":"https:\/\/diariodigitalmx.com\/index.php\/wp-json\/wp\/v2\/types\/post"}],"author":[{"embeddable":true,"href":"https:\/\/diariodigitalmx.com\/index.php\/wp-json\/wp\/v2\/users\/1"}],"replies":[{"embeddable":true,"href":"https:\/\/diariodigitalmx.com\/index.php\/wp-json\/wp\/v2\/comments?post=17514"}],"version-history":[{"count":1,"href":"https:\/\/diariodigitalmx.com\/index.php\/wp-json\/wp\/v2\/posts\/17514\/revisions"}],"predecessor-version":[{"id":17516,"href":"https:\/\/diariodigitalmx.com\/index.php\/wp-json\/wp\/v2\/posts\/17514\/revisions\/17516"}],"wp:featuredmedia":[{"embeddable":true,"href":"https:\/\/diariodigitalmx.com\/index.php\/wp-json\/wp\/v2\/media\/17515"}],"wp:attachment":[{"href":"https:\/\/diariodigitalmx.com\/index.php\/wp-json\/wp\/v2\/media?parent=17514"}],"wp:term":[{"taxonomy":"category","embeddable":true,"href":"https:\/\/diariodigitalmx.com\/index.php\/wp-json\/wp\/v2\/categories?post=17514"},{"taxonomy":"post_tag","embeddable":true,"href":"https:\/\/diariodigitalmx.com\/index.php\/wp-json\/wp\/v2\/tags?post=17514"}],"curies":[{"name":"wp","href":"https:\/\/api.w.org\/{rel}","templated":true}]}}