{"id":17520,"date":"2019-11-25T12:37:50","date_gmt":"2019-11-25T18:37:50","guid":{"rendered":"http:\/\/diariodigitalmx.com\/?p=17520"},"modified":"2019-11-25T12:40:31","modified_gmt":"2019-11-25T18:40:31","slug":"17520","status":"publish","type":"post","link":"https:\/\/diariodigitalmx.com\/index.php\/2019\/11\/25\/17520\/","title":{"rendered":"Inegi revisa a la baja crecimiento de M\u00e9xico en el tercer trimestre"},"content":{"rendered":"\n<p>\n\nEl producto interno bruto (PIB) de M\u00e9xico tuvo un crecimiento nulo del 0 % en el tercer trimestre de 2019 en comparaci\u00f3n con el trimestre anterior, seg\u00fan cifras ajustadas por estacionalidad y divulgadas este lunes por el Instituto Nacional de Estad\u00edstica y Geograf\u00eda (Inegi).<\/p>\n\n\n\n<p>Este resultado definitivo del PIB supone una disminuci\u00f3n de 0,1 puntos porcentuales frente al dato preliminar publicado el 30 de octubre, cuando se estableci\u00f3 que la econom\u00eda hab\u00eda crecido un d\u00e9bil 0,1 %.<\/p>\n\n\n\n<p>En el segundo trimestre del a\u00f1o, M\u00e9xico tuvo un crecimiento econ\u00f3mico nulo, del 0 %, en comparaci\u00f3n con el primero -cuando el PIB se contrajo un 0,2 % frente al \u00faltimo trimestre del a\u00f1o anterior-, lo que llev\u00f3 al Gobierno a admitir que el pa\u00eds atraviesa una desaceleraci\u00f3n econ\u00f3mica, al borde de la recesi\u00f3n.<\/p>\n\n\n\n<p>En el tercer trimestre, las actividades primarias avanzaron un 3,3 %, las terciarias crecieron un 0,1 % y las secundarias bajaron un 0,1 % frente al periodo abril-junio y de acuerdo con cifras desestacionalizadas (sin factores coyunturales por temporada), se\u00f1al\u00f3 el organismo en un comunicado.<\/p>\n\n\n\n<p>En cifras originales, el PIB baj\u00f3 un 0,3 % en el tercer trimestre de 2019 respecto al mismo periodo del a\u00f1o anterior, por lo que el acumulado a nueve meses del presente a\u00f1o confirma un estancamiento de la econom\u00eda, con un crecimiento nulo del 0 %.<\/p>\n\n\n\n<p>En comparaci\u00f3n con el mismo periodo del a\u00f1o anterior, el estancamiento del PIB en el tercer trimestre se debi\u00f3 a la ca\u00edda del sector secundario (-1,4 %), contrarrestada parcialmente por el alza del sector primario (5,4 %) y del terciario (0,1 %).<\/p>\n\n\n\n<p>El Inegi tambi\u00e9n dio a conocer este lunes el Indicador Global de la Actividad Econ\u00f3mica (IGAE) de septiembre, que reflej\u00f3 un alza del 0,3 % frente al mes anterior, en cifras desestacionalizadas.<\/p>\n\n\n\n<p>No obstante, si se compara el desempe\u00f1o de la econom\u00eda de septiembre frente al mismo mes del a\u00f1o anterior, el alza es de apenas 0,1 %, en datos originales.\n\n<\/p>\n","protected":false},"excerpt":{"rendered":"<p>El producto interno bruto (PIB) de M\u00e9xico tuvo un crecimiento nulo del 0 % en el tercer trimestre de 2019 en comparaci\u00f3n con el trimestre anterior, seg\u00fan cifras ajustadas por estacionalidad y divulgadas este lunes por el Instituto Nacional de Estad\u00edstica y Geograf\u00eda (Inegi). Este resultado definitivo del PIB supone una disminuci\u00f3n de 0,1 puntos [&hellip;]<\/p>\n","protected":false},"author":1,"featured_media":17524,"comment_status":"open","ping_status":"open","sticky":true,"template":"","format":"standard","meta":{"footnotes":""},"categories":[10,5],"tags":[],"_links":{"self":[{"href":"https:\/\/diariodigitalmx.com\/index.php\/wp-json\/wp\/v2\/posts\/17520"}],"collection":[{"href":"https:\/\/diariodigitalmx.com\/index.php\/wp-json\/wp\/v2\/posts"}],"about":[{"href":"https:\/\/diariodigitalmx.com\/index.php\/wp-json\/wp\/v2\/types\/post"}],"author":[{"embeddable":true,"href":"https:\/\/diariodigitalmx.com\/index.php\/wp-json\/wp\/v2\/users\/1"}],"replies":[{"embeddable":true,"href":"https:\/\/diariodigitalmx.com\/index.php\/wp-json\/wp\/v2\/comments?post=17520"}],"version-history":[{"count":2,"href":"https:\/\/diariodigitalmx.com\/index.php\/wp-json\/wp\/v2\/posts\/17520\/revisions"}],"predecessor-version":[{"id":17523,"href":"https:\/\/diariodigitalmx.com\/index.php\/wp-json\/wp\/v2\/posts\/17520\/revisions\/17523"}],"wp:featuredmedia":[{"embeddable":true,"href":"https:\/\/diariodigitalmx.com\/index.php\/wp-json\/wp\/v2\/media\/17524"}],"wp:attachment":[{"href":"https:\/\/diariodigitalmx.com\/index.php\/wp-json\/wp\/v2\/media?parent=17520"}],"wp:term":[{"taxonomy":"category","embeddable":true,"href":"https:\/\/diariodigitalmx.com\/index.php\/wp-json\/wp\/v2\/categories?post=17520"},{"taxonomy":"post_tag","embeddable":true,"href":"https:\/\/diariodigitalmx.com\/index.php\/wp-json\/wp\/v2\/tags?post=17520"}],"curies":[{"name":"wp","href":"https:\/\/api.w.org\/{rel}","templated":true}]}}