{"id":17528,"date":"2019-11-25T13:00:42","date_gmt":"2019-11-25T19:00:42","guid":{"rendered":"http:\/\/diariodigitalmx.com\/?p=17528"},"modified":"2019-11-25T13:01:20","modified_gmt":"2019-11-25T19:01:20","slug":"cponciden-moodys-y-bank-of-america-que-mexico-esta-en-recesion","status":"publish","type":"post","link":"https:\/\/diariodigitalmx.com\/index.php\/2019\/11\/25\/cponciden-moodys-y-bank-of-america-que-mexico-esta-en-recesion\/","title":{"rendered":"Coinciden Moody\u2019s y Bank of Am\u00e9rica, que M\u00e9xico est\u00e1 en recesi\u00f3n"},"content":{"rendered":"\n<p>Jos\u00e9\nLuis Ramos, de El Sol de M\u00e9xico<\/p>\n\n\n\n<p>La\neconom\u00eda mexicana est\u00e1 en recesi\u00f3n, afirmaron economistas luego de que el Inegi\ndio a conocer que el PIB nacional se contrajo tres trimestres consecutivos.<\/p>\n\n\n\n<p>&#8220;M\u00e9xico\nest\u00e1 oficialmente en recesi\u00f3n t\u00e9cnica desde el cuarto trimestre de 2018&#8221;,\nindic\u00f3 Carlos Capistr\u00e1n, economista en jefe de Bank of America.<\/p>\n\n\n\n<p>El Inegi inform\u00f3 este lunes que la econom\u00eda mexicana se\ncontrajo en 0.08 por ciento en el cuarto trimestre de 2018 a tasa anual,\nmientras que en los dos primeros trimestres de este a\u00f1o las ca\u00eddas fueron de\n0.09 y 0.06 por ciento.<\/p>\n\n\n\n<p>Alfredo\nCouti\u00f1o, director de Moody\u2019s Analytics para Am\u00e9rica Latina, coincidi\u00f3 con que\nla econom\u00eda del pa\u00eds est\u00e1 en recesi\u00f3n al reportar tres trimestres consecutivos\nde contracci\u00f3n.<\/p>\n\n\n\n<p>&#8220;Si\naplicamos la metodolog\u00eda est\u00e1ndar a nivel internacional, como debe ser con\nfines de homogeneidad comparativa, la econom\u00eda mexicana se encuentra en\nrecesi\u00f3n al reportar no solo dos sino tres contracciones trimestrales o tres\ncontracciones anualizadas, punto&#8221;, refiri\u00f3.<\/p>\n\n\n\n<p>En tanto,\nGabriela Siller, directora de An\u00e1lisis Econ\u00f3mico de Banco Base, refiri\u00f3 que\nM\u00e9xico entr\u00f3 en fase recesiva.<\/p>\n\n\n\n<p>&#8220;Si\nnos vamos a indicadores c\u00edclicos, que muestran en qu\u00e9 fase est\u00e1 la econom\u00eda\nmexicana, muestran que estamos en una fase recesiva&#8221;, dijo Gabriela\nSiller, directora de an\u00e1lisis econ\u00f3mico de Banco Base.<\/p>\n\n\n\n<p>La economista\nrecord\u00f3 a El Sol de M\u00e9xico que por definici\u00f3n se habla de una recesi\u00f3n t\u00e9cnica\ncuando hay dos trimestres de ca\u00edda consecutiva en el PIB.<\/p>\n\n\n\n<p>Sin embargo,\nsubray\u00f3 que corresponde al Inegi determinar de manera oficial si M\u00e9xico entr\u00f3\nen una recesi\u00f3n econ\u00f3mica.<\/p>\n","protected":false},"excerpt":{"rendered":"<p>Jos\u00e9 Luis Ramos, de El Sol de M\u00e9xico La econom\u00eda mexicana est\u00e1 en recesi\u00f3n, afirmaron economistas luego de que el Inegi dio a conocer que el PIB nacional se contrajo tres trimestres consecutivos. &#8220;M\u00e9xico est\u00e1 oficialmente en recesi\u00f3n t\u00e9cnica desde el cuarto trimestre de 2018&#8221;, indic\u00f3 Carlos Capistr\u00e1n, economista en jefe de Bank of America. [&hellip;]<\/p>\n","protected":false},"author":1,"featured_media":17529,"comment_status":"open","ping_status":"open","sticky":true,"template":"","format":"standard","meta":{"footnotes":""},"categories":[10,3],"tags":[],"_links":{"self":[{"href":"https:\/\/diariodigitalmx.com\/index.php\/wp-json\/wp\/v2\/posts\/17528"}],"collection":[{"href":"https:\/\/diariodigitalmx.com\/index.php\/wp-json\/wp\/v2\/posts"}],"about":[{"href":"https:\/\/diariodigitalmx.com\/index.php\/wp-json\/wp\/v2\/types\/post"}],"author":[{"embeddable":true,"href":"https:\/\/diariodigitalmx.com\/index.php\/wp-json\/wp\/v2\/users\/1"}],"replies":[{"embeddable":true,"href":"https:\/\/diariodigitalmx.com\/index.php\/wp-json\/wp\/v2\/comments?post=17528"}],"version-history":[{"count":3,"href":"https:\/\/diariodigitalmx.com\/index.php\/wp-json\/wp\/v2\/posts\/17528\/revisions"}],"predecessor-version":[{"id":17532,"href":"https:\/\/diariodigitalmx.com\/index.php\/wp-json\/wp\/v2\/posts\/17528\/revisions\/17532"}],"wp:featuredmedia":[{"embeddable":true,"href":"https:\/\/diariodigitalmx.com\/index.php\/wp-json\/wp\/v2\/media\/17529"}],"wp:attachment":[{"href":"https:\/\/diariodigitalmx.com\/index.php\/wp-json\/wp\/v2\/media?parent=17528"}],"wp:term":[{"taxonomy":"category","embeddable":true,"href":"https:\/\/diariodigitalmx.com\/index.php\/wp-json\/wp\/v2\/categories?post=17528"},{"taxonomy":"post_tag","embeddable":true,"href":"https:\/\/diariodigitalmx.com\/index.php\/wp-json\/wp\/v2\/tags?post=17528"}],"curies":[{"name":"wp","href":"https:\/\/api.w.org\/{rel}","templated":true}]}}