{"id":17533,"date":"2019-11-25T13:10:47","date_gmt":"2019-11-25T19:10:47","guid":{"rendered":"http:\/\/diariodigitalmx.com\/?p=17533"},"modified":"2019-11-25T13:10:48","modified_gmt":"2019-11-25T19:10:48","slug":"tras-secuestro-de-frances-en-mexico-fiscalia-parisina-abre-investigacion","status":"publish","type":"post","link":"https:\/\/diariodigitalmx.com\/index.php\/2019\/11\/25\/tras-secuestro-de-frances-en-mexico-fiscalia-parisina-abre-investigacion\/","title":{"rendered":"Tras secuestro de franc\u00e9s en M\u00e9xico, Fiscal\u00eda parisina abre investigaci\u00f3n"},"content":{"rendered":"\n<p>La\nfiscal\u00eda de Par\u00eds anunci\u00f3 el lunes la apertura de una investigaci\u00f3n judicial\npor &#8220;rapto&#8221; despu\u00e9s de que un franc\u00e9s fuera secuestrado el domingo en\nun parque nacional el Nevado de Toluca<\/p>\n\n\n\n<p>El franc\u00e9s, que\nfue identificado como Fr\u00e9d\u00e9ric Michel, fue secuestrado el domingo junto a un\nmexicano cuando recorr\u00edan un parque nacional en la zona del Nevado de Toluca,\nmuy popular entre excursionistas, en el estado central de M\u00e9xico, seg\u00fan la\nembajada de Francia y medios locales.<\/p>\n\n\n\n<p>Los\nexcursionistas paseaban por la zona, como parte de un grupo donde iban al menos\ndos personas m\u00e1s, a bordo de camionetas todoterreno, cuando los delincuentes\nles tendieron una emboscada.<\/p>\n\n\n\n<p>Los\ndesconocidos arrebataron los dos veh\u00edculos en que viajaban cada uno de ellos y\nlos mantuvieron secuestrados a bordo, dejando ir a las dem\u00e1s personas, quienes\nposteriormente denunciaron el hecho ante las autoridades, indican ambos diarios.<\/p>\n\n\n\n<p>Polic\u00edas\nlocales y agentes de la Guardia Nacional desplegaron un operativo en la zona,\nperteneciente al municipio de Zinacantepec, para tratar de localizar a los\nsecuestrados, agrega la prensa local.<\/p>\n\n\n\n<p>Las autoridades\nfrancesas &#8220;se movilizan para que nuestro compatriota sea hallado lo m\u00e1s\nr\u00e1pido posible, en estrecha relaci\u00f3n con las autoridades locales&#8221;, indic\u00f3\nel ministerio franc\u00e9s de Relaciones Exteriores.<\/p>\n","protected":false},"excerpt":{"rendered":"<p>La fiscal\u00eda de Par\u00eds anunci\u00f3 el lunes la apertura de una investigaci\u00f3n judicial por &#8220;rapto&#8221; despu\u00e9s de que un franc\u00e9s fuera secuestrado el domingo en un parque nacional el Nevado de Toluca El franc\u00e9s, que fue identificado como Fr\u00e9d\u00e9ric Michel, fue secuestrado el domingo junto a un mexicano cuando recorr\u00edan un parque nacional en la [&hellip;]<\/p>\n","protected":false},"author":1,"featured_media":17534,"comment_status":"open","ping_status":"open","sticky":true,"template":"","format":"standard","meta":{"footnotes":""},"categories":[4,5],"tags":[],"_links":{"self":[{"href":"https:\/\/diariodigitalmx.com\/index.php\/wp-json\/wp\/v2\/posts\/17533"}],"collection":[{"href":"https:\/\/diariodigitalmx.com\/index.php\/wp-json\/wp\/v2\/posts"}],"about":[{"href":"https:\/\/diariodigitalmx.com\/index.php\/wp-json\/wp\/v2\/types\/post"}],"author":[{"embeddable":true,"href":"https:\/\/diariodigitalmx.com\/index.php\/wp-json\/wp\/v2\/users\/1"}],"replies":[{"embeddable":true,"href":"https:\/\/diariodigitalmx.com\/index.php\/wp-json\/wp\/v2\/comments?post=17533"}],"version-history":[{"count":1,"href":"https:\/\/diariodigitalmx.com\/index.php\/wp-json\/wp\/v2\/posts\/17533\/revisions"}],"predecessor-version":[{"id":17535,"href":"https:\/\/diariodigitalmx.com\/index.php\/wp-json\/wp\/v2\/posts\/17533\/revisions\/17535"}],"wp:featuredmedia":[{"embeddable":true,"href":"https:\/\/diariodigitalmx.com\/index.php\/wp-json\/wp\/v2\/media\/17534"}],"wp:attachment":[{"href":"https:\/\/diariodigitalmx.com\/index.php\/wp-json\/wp\/v2\/media?parent=17533"}],"wp:term":[{"taxonomy":"category","embeddable":true,"href":"https:\/\/diariodigitalmx.com\/index.php\/wp-json\/wp\/v2\/categories?post=17533"},{"taxonomy":"post_tag","embeddable":true,"href":"https:\/\/diariodigitalmx.com\/index.php\/wp-json\/wp\/v2\/tags?post=17533"}],"curies":[{"name":"wp","href":"https:\/\/api.w.org\/{rel}","templated":true}]}}