{"id":17544,"date":"2019-11-25T16:51:03","date_gmt":"2019-11-25T22:51:03","guid":{"rendered":"http:\/\/diariodigitalmx.com\/?p=17544"},"modified":"2019-11-25T16:54:43","modified_gmt":"2019-11-25T22:54:43","slug":"17544","status":"publish","type":"post","link":"https:\/\/diariodigitalmx.com\/index.php\/2019\/11\/25\/17544\/","title":{"rendered":"Exhorta CNSPM a evaluaci\u00f3n externa de polic\u00edas municipales"},"content":{"rendered":"\n<p><\/p>\n\n\n\n<p>Al considerar que la medici\u00f3n ciudadana fortalecer\u00e1, mejorar\u00e1 y ofrecer\u00e1 continuidad en las buenas pr\u00e1cticas de las polic\u00edas locales, la Conferencia Nacional de Seguridad P\u00fablica Municipal (CNSPM), presidida por Clara Luz Flores Carrales, exhort\u00f3 a que se realicen evaluaciones externas en las corporaciones. <\/p>\n\n\n\n<p>En su participaci\u00f3n en la Primer Conferencia Internacional \u201cControles Democr\u00e1ticos de la Seguridad y Supervisi\u00f3n Externa de la Polic\u00eda\u201d, en Puebla, la funcionaria se\u00f1al\u00f3 que la participaci\u00f3n de la sociedad permitir\u00e1 generar pol\u00edticas p\u00fablicas permanentes. <\/p>\n\n\n\n<ul class=\"wp-block-gallery columns-1 is-cropped wp-block-gallery-1 is-layout-flex wp-block-gallery-is-layout-flex\"><li class=\"blocks-gallery-item\"><figure><img loading=\"lazy\" decoding=\"async\" width=\"1007\" height=\"773\" src=\"http:\/\/diariodigitalmx.com\/wp-content\/uploads\/2019\/11\/CLFC3.jpg\" alt=\"\" data-id=\"17551\" data-link=\"http:\/\/diariodigitalmx.com\/index.php\/2019\/11\/25\/17544\/clfc3\/\" class=\"wp-image-17551\" srcset=\"https:\/\/diariodigitalmx.com\/wp-content\/uploads\/2019\/11\/CLFC3.jpg 1007w, https:\/\/diariodigitalmx.com\/wp-content\/uploads\/2019\/11\/CLFC3-300x230.jpg 300w, https:\/\/diariodigitalmx.com\/wp-content\/uploads\/2019\/11\/CLFC3-768x590.jpg 768w\" sizes=\"(max-width: 1007px) 100vw, 1007px\" \/><\/figure><\/li><\/ul>\n\n\n\n<p>\u201cEste es un elemento important\u00edsimo para que nuestras polic\u00edas siguen teniendo continuidad y haya pol\u00edticas p\u00fablicas de crecimiento, de fortalecimiento de sus capacidades\u201d, dijo Flores Carrales.<\/p>\n\n\n\n<p>\u201cNecesitamos que haya esa participaci\u00f3n ciudadana especializada para que, con los cambios de gobierno, no pueda venirse abajo el esfuerzo que se pudo haber hecho en unos a\u00f1os\u201d.<\/p>\n\n\n\n<p>La Presidenta mencion\u00f3 que esto tambi\u00e9n generar\u00e1 una especializaci\u00f3n en el servicio policiaco. <\/p>\n\n\n\n<ul class=\"wp-block-gallery columns-1 is-cropped wp-block-gallery-2 is-layout-flex wp-block-gallery-is-layout-flex\"><li class=\"blocks-gallery-item\"><figure><img loading=\"lazy\" decoding=\"async\" width=\"1024\" height=\"609\" src=\"http:\/\/diariodigitalmx.com\/wp-content\/uploads\/2019\/11\/CLFC1-1024x609.jpg\" alt=\"\" data-id=\"17554\" data-link=\"http:\/\/diariodigitalmx.com\/index.php\/2019\/11\/25\/17544\/clfc1\/\" class=\"wp-image-17554\" srcset=\"https:\/\/diariodigitalmx.com\/wp-content\/uploads\/2019\/11\/CLFC1-1024x609.jpg 1024w, https:\/\/diariodigitalmx.com\/wp-content\/uploads\/2019\/11\/CLFC1-300x178.jpg 300w, https:\/\/diariodigitalmx.com\/wp-content\/uploads\/2019\/11\/CLFC1-768x457.jpg 768w, https:\/\/diariodigitalmx.com\/wp-content\/uploads\/2019\/11\/CLFC1.jpg 1170w\" sizes=\"(max-width: 1024px) 100vw, 1024px\" \/><\/figure><\/li><\/ul>\n\n\n\n<p>\u201cLa intenci\u00f3n de esta fiscalizaci\u00f3n o trabajo continuo por parte de los ciudadanos es ver esa mejora continua que puede tener la polic\u00eda, pero que adem\u00e1s la vayan especializando en un mejor servicio.<\/p>\n\n\n\n<p>\u201cY que cambiemos esa cultura que tenemos de que el polic\u00eda solo llega cuando est\u00e1 el problema y es parte de \u00e9l, sino que es una pol\u00edtica de soluci\u00f3n del problema y que se siente parte de la soluci\u00f3n\u201d. <\/p>\n\n\n\n<p>Ante la Alcaldesa de Puebla, Claudia Rivera Vivanco; el Secretario de Seguridad P\u00fablica del Estado, Miguel Amezaga, y la Secretaria Adjunta del Secretariado, Bertha Alcalde Luj\u00e1n, Flores Carrales indic\u00f3 que plantear\u00e1 esta propuesta a los Ediles del Pa\u00eds. <\/p>\n\n\n\n<p>\u201cEspero que esta, que yo creo as\u00ed tendr\u00e1 que ser, se convierta en una de las pr\u00e1cticas replicables de la Conferencia Nacional de Seguridad P\u00fablica Municipal\u201d.<\/p>\n\n\n\n<ul class=\"wp-block-gallery columns-1 is-cropped wp-block-gallery-3 is-layout-flex wp-block-gallery-is-layout-flex\"><li class=\"blocks-gallery-item\"><figure><img loading=\"lazy\" decoding=\"async\" width=\"1024\" height=\"633\" src=\"http:\/\/diariodigitalmx.com\/wp-content\/uploads\/2019\/11\/CLFC5-1024x633.jpg\" alt=\"\" data-id=\"17556\" data-link=\"http:\/\/diariodigitalmx.com\/index.php\/2019\/11\/25\/17544\/clfc5\/\" class=\"wp-image-17556\" srcset=\"https:\/\/diariodigitalmx.com\/wp-content\/uploads\/2019\/11\/CLFC5-1024x633.jpg 1024w, https:\/\/diariodigitalmx.com\/wp-content\/uploads\/2019\/11\/CLFC5-300x185.jpg 300w, https:\/\/diariodigitalmx.com\/wp-content\/uploads\/2019\/11\/CLFC5-768x475.jpg 768w, https:\/\/diariodigitalmx.com\/wp-content\/uploads\/2019\/11\/CLFC5.jpg 1218w\" sizes=\"(max-width: 1024px) 100vw, 1024px\" \/><\/figure><\/li><\/ul>\n\n\n\n<p>En el encuentro, en el que tambi\u00e9n estuvieron presentes la Secretar\u00eda de Seguridad P\u00fablica Municipal, Mar\u00eda Rosales; el Presidente del Consejo Ciudadano de Seguridad y Justicia estatal, Armando Garc\u00eda, y el Coordinador del Programa de Seguridad Ciudadana de la Universidad Iberoamericana, Ernesto L\u00f3pez, se firm\u00f3 una carta de intenci\u00f3n para dise\u00f1ar y establecer en el 2020 la primera entidad de supervisi\u00f3n externa de la Polic\u00eda municipal de Puebla, inspirada en las m\u00e1s avanzadas pr\u00e1cticas internacionales. <\/p>\n","protected":false},"excerpt":{"rendered":"<p>Al considerar que la medici\u00f3n ciudadana fortalecer\u00e1, mejorar\u00e1 y ofrecer\u00e1 continuidad en las buenas pr\u00e1cticas de las polic\u00edas locales, la Conferencia Nacional de Seguridad P\u00fablica Municipal (CNSPM), presidida por Clara Luz Flores Carrales, exhort\u00f3 a que se realicen evaluaciones externas en las corporaciones. En su participaci\u00f3n en la Primer Conferencia Internacional \u201cControles Democr\u00e1ticos de la [&hellip;]<\/p>\n","protected":false},"author":1,"featured_media":17549,"comment_status":"open","ping_status":"open","sticky":true,"template":"","format":"standard","meta":{"footnotes":""},"categories":[2,5],"tags":[],"_links":{"self":[{"href":"https:\/\/diariodigitalmx.com\/index.php\/wp-json\/wp\/v2\/posts\/17544"}],"collection":[{"href":"https:\/\/diariodigitalmx.com\/index.php\/wp-json\/wp\/v2\/posts"}],"about":[{"href":"https:\/\/diariodigitalmx.com\/index.php\/wp-json\/wp\/v2\/types\/post"}],"author":[{"embeddable":true,"href":"https:\/\/diariodigitalmx.com\/index.php\/wp-json\/wp\/v2\/users\/1"}],"replies":[{"embeddable":true,"href":"https:\/\/diariodigitalmx.com\/index.php\/wp-json\/wp\/v2\/comments?post=17544"}],"version-history":[{"count":6,"href":"https:\/\/diariodigitalmx.com\/index.php\/wp-json\/wp\/v2\/posts\/17544\/revisions"}],"predecessor-version":[{"id":17557,"href":"https:\/\/diariodigitalmx.com\/index.php\/wp-json\/wp\/v2\/posts\/17544\/revisions\/17557"}],"wp:featuredmedia":[{"embeddable":true,"href":"https:\/\/diariodigitalmx.com\/index.php\/wp-json\/wp\/v2\/media\/17549"}],"wp:attachment":[{"href":"https:\/\/diariodigitalmx.com\/index.php\/wp-json\/wp\/v2\/media?parent=17544"}],"wp:term":[{"taxonomy":"category","embeddable":true,"href":"https:\/\/diariodigitalmx.com\/index.php\/wp-json\/wp\/v2\/categories?post=17544"},{"taxonomy":"post_tag","embeddable":true,"href":"https:\/\/diariodigitalmx.com\/index.php\/wp-json\/wp\/v2\/tags?post=17544"}],"curies":[{"name":"wp","href":"https:\/\/api.w.org\/{rel}","templated":true}]}}