{"id":17601,"date":"2019-11-25T21:02:36","date_gmt":"2019-11-26T03:02:36","guid":{"rendered":"http:\/\/diariodigitalmx.com\/?p=17601"},"modified":"2019-11-25T21:06:15","modified_gmt":"2019-11-26T03:06:15","slug":"17601","status":"publish","type":"post","link":"https:\/\/diariodigitalmx.com\/index.php\/2019\/11\/25\/17601\/","title":{"rendered":"\ufeffHomenajea HCNL a Paola Longoria en D\u00eda contra la Violencia a la Mujer"},"content":{"rendered":"\n<p>Porque sus logros son un ejemplo de la superaci\u00f3n que puede alcanzar una mujer empoderada, el Congreso de Nuevo Le\u00f3n, rindi\u00f3 este lunes un homenaje a la raquetbolista, Paola Longoria, en el marco del \u201cD\u00eda Internacional de la Eliminaci\u00f3n de la Violencia contra la Mujer\u201d.<\/p>\n\n\n\n<p>Fue a propuesta de la diputada de Movimiento Ciudadano y Presidenta de la Comisi\u00f3n para la Igualdad de G\u00e9nero, Karina Barr\u00f3n, que durante la sesi\u00f3n se abri\u00f3 un espacio solemne para entregar un reconocimiento a la deportista, reg\u00eda por adopci\u00f3n, quien ostenta el n\u00famero uno mundial en la especialidad y recientemente obtuvo su campeonato n\u00famero 101.<\/p>\n\n\n\n<p>Acompa\u00f1ada de su familia, Longoria L\u00f3pez, recibi\u00f3 de manos de la diputada Karina Barr\u00f3n y del Presidente del Congreso del Estado, Juan Carlos Ruiz, y los coordinadores de las bancadas que conforman el Legislativo Local, un reconocimiento y las felicitaciones por sus logros que representan un ejemplo para otras mujeres.<\/p>\n\n\n\n<figure class=\"wp-block-image\"><img loading=\"lazy\" decoding=\"async\" width=\"1024\" height=\"566\" src=\"http:\/\/diariodigitalmx.com\/wp-content\/uploads\/2019\/11\/Homenaje-KB-Paola-2-1024x566.jpeg\" alt=\"\" class=\"wp-image-17607\" srcset=\"https:\/\/diariodigitalmx.com\/wp-content\/uploads\/2019\/11\/Homenaje-KB-Paola-2-1024x566.jpeg 1024w, https:\/\/diariodigitalmx.com\/wp-content\/uploads\/2019\/11\/Homenaje-KB-Paola-2-300x166.jpeg 300w, https:\/\/diariodigitalmx.com\/wp-content\/uploads\/2019\/11\/Homenaje-KB-Paola-2-768x425.jpeg 768w, https:\/\/diariodigitalmx.com\/wp-content\/uploads\/2019\/11\/Homenaje-KB-Paola-2.jpeg 1280w\" sizes=\"(max-width: 1024px) 100vw, 1024px\" \/><\/figure>\n\n\n\n<p>\u201cLas mujeres solo logran salir de la violencia si acceden al control de los recursos econ\u00f3micos y refuerzan sus capacidades y protagonismo en todos los \u00e1mbitos, incluyendo el deporte. S\u00f3lo as\u00ed se crear\u00e1n econom\u00edas m\u00e1s fuertes\u201d.<\/p>\n\n\n\n<p>\u201cEl deporte tiene el poder de trascender las barreras de sexo, raza, religi\u00f3n y nacionalidad. Promueve la salud y el bienestar, mejora la autoestima y ense\u00f1a liderazgo, habilidades para trabajar en equipo y perseverancia\u201d, explic\u00f3 la diputada Karina Barr\u00f3n.<\/p>\n\n\n\n<p>Durante su intervenci\u00f3n, la raquetbolista, quien ser\u00e1 una de las portadoras de la Antorcha de los \u201cJuegos Ol\u00edmpicos\u201d Tokio 2020, emplaz\u00f3 a los diputados locales a trabajar para erradicar la violencia contra las mujeres y la desigualdad, arraigada en los \u201cusos y costumbres\u201d de la sociedad mexicana.<\/p>\n\n\n\n<figure class=\"wp-block-image\"><img loading=\"lazy\" decoding=\"async\" width=\"1024\" height=\"597\" src=\"http:\/\/diariodigitalmx.com\/wp-content\/uploads\/2019\/11\/C07A3611-1024x597.jpg\" alt=\"\" class=\"wp-image-17609\" srcset=\"https:\/\/diariodigitalmx.com\/wp-content\/uploads\/2019\/11\/C07A3611-1024x597.jpg 1024w, https:\/\/diariodigitalmx.com\/wp-content\/uploads\/2019\/11\/C07A3611-300x175.jpg 300w, https:\/\/diariodigitalmx.com\/wp-content\/uploads\/2019\/11\/C07A3611-768x448.jpg 768w, https:\/\/diariodigitalmx.com\/wp-content\/uploads\/2019\/11\/C07A3611.jpg 1200w\" sizes=\"(max-width: 1024px) 100vw, 1024px\" \/><\/figure>\n\n\n\n<p>\u201cHoy, miles de mujeres son maltratadas y sufren de violencia por distintas razones, sin embargo, ninguna raz\u00f3n es justificable para ser violentos o agresivos con cualquier ser humano, la vida cotidiana, el estr\u00e9s, la frustraci\u00f3n personal, al parecer hace que nuestro mundo y sociedad cada d\u00eda adopte m\u00e1s la violencia como algo natural, y permitirlo, nos vuelve c\u00f3mplices del degrado social, no podemos permitir que la violencia se normalice, los tres poderes de la federaci\u00f3n, tienen la capacidad de crear y modificar leyes, crear programas que sancionen de manera justa la violencia y que combatan de origen a trav\u00e9s de programas sociales la desigualdad de g\u00e9nero, relacionada con la violencia hacia la mujer, hoy, diputados y diputadas, esa es la realidad\u201d, expres\u00f3.<\/p>\n\n\n\n<p>La agenda 2030 para el Desarrollo Sostenible, establece como eje, lograr la igualdad de g\u00e9nero y empoderar a todas las mujeres y ni\u00f1as para eliminar todas las formas de violencia contra ellas en el \u00e1mbito p\u00fablico y privado.<\/p>\n\n\n\n<p>El Comit\u00e9 para la Eliminaci\u00f3n de la Discriminaci\u00f3n contra la Mujer, reconoce que la violencia contra las mujeres es una forma de discriminaci\u00f3n que impide gravemente el goce de sus derechos y libertades.<\/p>\n\n\n\n<p>Actualmente Nuevo Le\u00f3n ocupa el tercer lugar a nivel nacional de la Violencia extrema contra las mujeres que es el feminicidio, situaci\u00f3n preocupante.<\/p>\n","protected":false},"excerpt":{"rendered":"<p>Porque sus logros son un ejemplo de la superaci\u00f3n que puede alcanzar una mujer empoderada, el Congreso de Nuevo Le\u00f3n, rindi\u00f3 este lunes un homenaje a la raquetbolista, Paola Longoria, en el marco del \u201cD\u00eda Internacional de la Eliminaci\u00f3n de la Violencia contra la Mujer\u201d. Fue a propuesta de la diputada de Movimiento Ciudadano y [&hellip;]<\/p>\n","protected":false},"author":1,"featured_media":17606,"comment_status":"open","ping_status":"open","sticky":false,"template":"","format":"standard","meta":{"footnotes":""},"categories":[8,5],"tags":[],"_links":{"self":[{"href":"https:\/\/diariodigitalmx.com\/index.php\/wp-json\/wp\/v2\/posts\/17601"}],"collection":[{"href":"https:\/\/diariodigitalmx.com\/index.php\/wp-json\/wp\/v2\/posts"}],"about":[{"href":"https:\/\/diariodigitalmx.com\/index.php\/wp-json\/wp\/v2\/types\/post"}],"author":[{"embeddable":true,"href":"https:\/\/diariodigitalmx.com\/index.php\/wp-json\/wp\/v2\/users\/1"}],"replies":[{"embeddable":true,"href":"https:\/\/diariodigitalmx.com\/index.php\/wp-json\/wp\/v2\/comments?post=17601"}],"version-history":[{"count":5,"href":"https:\/\/diariodigitalmx.com\/index.php\/wp-json\/wp\/v2\/posts\/17601\/revisions"}],"predecessor-version":[{"id":17610,"href":"https:\/\/diariodigitalmx.com\/index.php\/wp-json\/wp\/v2\/posts\/17601\/revisions\/17610"}],"wp:featuredmedia":[{"embeddable":true,"href":"https:\/\/diariodigitalmx.com\/index.php\/wp-json\/wp\/v2\/media\/17606"}],"wp:attachment":[{"href":"https:\/\/diariodigitalmx.com\/index.php\/wp-json\/wp\/v2\/media?parent=17601"}],"wp:term":[{"taxonomy":"category","embeddable":true,"href":"https:\/\/diariodigitalmx.com\/index.php\/wp-json\/wp\/v2\/categories?post=17601"},{"taxonomy":"post_tag","embeddable":true,"href":"https:\/\/diariodigitalmx.com\/index.php\/wp-json\/wp\/v2\/tags?post=17601"}],"curies":[{"name":"wp","href":"https:\/\/api.w.org\/{rel}","templated":true}]}}