{"id":1761,"date":"2019-03-30T12:39:11","date_gmt":"2019-03-30T18:39:11","guid":{"rendered":"http:\/\/diariodigitalmx.com\/?p=1761"},"modified":"2019-03-30T12:39:12","modified_gmt":"2019-03-30T18:39:12","slug":"amplia-sat-plazo-para-obtener-beneficios-de-estimulo-fiscal","status":"publish","type":"post","link":"https:\/\/diariodigitalmx.com\/index.php\/2019\/03\/30\/amplia-sat-plazo-para-obtener-beneficios-de-estimulo-fiscal\/","title":{"rendered":"Ampl\u00eda  SAT plazo para obtener beneficios de est\u00edmulo fiscal"},"content":{"rendered":"\n<p>El Servicio de Administraci\u00f3n Tributaria (SAT) inform\u00f3 que se ampl\u00eda al 30 de junio de 2019 el plazo para presentar el aviso para obtener el est\u00edmulo en materia del Impuesto al Valor Agregado (IVA) y se otorgan facilidades para cumplir con los requisitos.<\/p>\n\n\n\n<p>El \u00f3rgano recaudador dependiente de la Secretar\u00eda de Hacienda y Cr\u00e9dito P\u00fablico (SHCP) coment\u00f3 que esta medida tiene como prop\u00f3sito ampliar el n\u00famero de contribuyentes que pueden acceder a los beneficios que otorga el decreto de est\u00edmulos fiscales para la regi\u00f3n fronteriza norte.<\/p>\n\n\n\n<p>En un comunicado, precis\u00f3 que una vez que los tributarios presenten el aviso, obtengan el acuse de recibo y el sistema les permita emitir facturas, podr\u00e1n beneficiarse con este est\u00edmulo.<\/p>\n\n\n\n<p>Adem\u00e1s los contribuyentes podr\u00e1n aplicar el est\u00edmulo fiscal, aun cuando sus datos est\u00e9n publicados en los listados del portal del SAT, siempre que sea como consecuencia de la condonaci\u00f3n de multas.<\/p>\n\n\n\n<p>Quienes hubieran dado efectos fiscales a los comprobantes expedidos por un contribuyente que haya hecho operaciones simuladas, deber\u00e1n corregir su situaci\u00f3n y, al momento de presentar el aviso, adjuntar las declaraciones complementarias que lo comprueben, indic\u00f3.<\/p>\n\n\n\n<p>De igual manera, abund\u00f3, se podr\u00e1 aplicar el est\u00edmulo de manera conjunta con otros incentivos o tratamientos fiscales que se detallan en la publicaci\u00f3n.<\/p>\n\n\n\n<p>Estas facilidades se establecen en la Novena Resoluci\u00f3n de Modificaciones a la Resoluci\u00f3n Miscel\u00e1nea Fiscal 2018, cuya versi\u00f3n anticipada est\u00e1 disponible en el portal de Internet del SAT\u00a0.<\/p>\n","protected":false},"excerpt":{"rendered":"<p>El Servicio de Administraci\u00f3n Tributaria (SAT) inform\u00f3 que se ampl\u00eda al 30 de junio de 2019 el plazo para presentar el aviso para obtener el est\u00edmulo en materia del Impuesto al Valor Agregado (IVA) y se otorgan facilidades para cumplir con los requisitos. El \u00f3rgano recaudador dependiente de la Secretar\u00eda de Hacienda y Cr\u00e9dito P\u00fablico [&hellip;]<\/p>\n","protected":false},"author":1,"featured_media":1762,"comment_status":"open","ping_status":"open","sticky":true,"template":"","format":"standard","meta":{"footnotes":""},"categories":[10],"tags":[],"_links":{"self":[{"href":"https:\/\/diariodigitalmx.com\/index.php\/wp-json\/wp\/v2\/posts\/1761"}],"collection":[{"href":"https:\/\/diariodigitalmx.com\/index.php\/wp-json\/wp\/v2\/posts"}],"about":[{"href":"https:\/\/diariodigitalmx.com\/index.php\/wp-json\/wp\/v2\/types\/post"}],"author":[{"embeddable":true,"href":"https:\/\/diariodigitalmx.com\/index.php\/wp-json\/wp\/v2\/users\/1"}],"replies":[{"embeddable":true,"href":"https:\/\/diariodigitalmx.com\/index.php\/wp-json\/wp\/v2\/comments?post=1761"}],"version-history":[{"count":1,"href":"https:\/\/diariodigitalmx.com\/index.php\/wp-json\/wp\/v2\/posts\/1761\/revisions"}],"predecessor-version":[{"id":1763,"href":"https:\/\/diariodigitalmx.com\/index.php\/wp-json\/wp\/v2\/posts\/1761\/revisions\/1763"}],"wp:featuredmedia":[{"embeddable":true,"href":"https:\/\/diariodigitalmx.com\/index.php\/wp-json\/wp\/v2\/media\/1762"}],"wp:attachment":[{"href":"https:\/\/diariodigitalmx.com\/index.php\/wp-json\/wp\/v2\/media?parent=1761"}],"wp:term":[{"taxonomy":"category","embeddable":true,"href":"https:\/\/diariodigitalmx.com\/index.php\/wp-json\/wp\/v2\/categories?post=1761"},{"taxonomy":"post_tag","embeddable":true,"href":"https:\/\/diariodigitalmx.com\/index.php\/wp-json\/wp\/v2\/tags?post=1761"}],"curies":[{"name":"wp","href":"https:\/\/api.w.org\/{rel}","templated":true}]}}