{"id":1767,"date":"2019-04-01T11:22:36","date_gmt":"2019-04-01T17:22:36","guid":{"rendered":"http:\/\/diariodigitalmx.com\/?p=1767"},"modified":"2019-04-01T11:22:37","modified_gmt":"2019-04-01T17:22:37","slug":"por-cierto-19","status":"publish","type":"post","link":"https:\/\/diariodigitalmx.com\/index.php\/2019\/04\/01\/por-cierto-19\/","title":{"rendered":"Por cierto&#8230;"},"content":{"rendered":"\n<p> \u00d3scar Tamez Rodr\u00edguez <\/p>\n\n\n\n<p> Esteban Moctezuma habl\u00f3 el viernes de la evaluaci\u00f3n a los maestros, dejar\u00e1 de ser punitiva, agrega que esa medici\u00f3n no contribuye a la calidad educativa. <\/p>\n\n\n\n<p>Es cierto, si se quiere hablar de calidad debe evaluarse la infraestructura educativa, pertinencia de los planes y programas de estudio, la formaci\u00f3n docente, acceso a las TIC por parte de maestros y alumnos, materiales de trabajo que aporta el patr\u00f3n a los docentes, tambi\u00e9n a los mismos profes y a los alumnos, entre otros aspectos a medir. <\/p>\n\n\n\n<p>Mientras no sea as\u00ed, el discurso de la calidad es s\u00f3lo ret\u00f3rica pol\u00edtica y no inter\u00e9s pedag\u00f3gico\u2026 Ayer circularon encuestas sobre las elecciones de Puebla y Baja California, en ambas van los candidatos morenos arriba, muy arriba; la diferencia: en Puebla es una elecci\u00f3n de 3 y si se cierra a 2, el resultado puede variar. Apenas arrancan, veremos\u2026 <\/p>\n\n\n\n<p>Ac\u00e1 en NL circulan otras an\u00f3nimas sobre futurismo, mi lectura es que son eso, an\u00f3nimos futuristas. <\/p>\n\n\n\n<p><a rel=\"noreferrer noopener\" href=\"http:\/\/www.estudiospoliticos.mx\/\" target=\"_blank\">www.estudiospoliticos.mx<\/a><\/p>\n\n\n\n<p>@EstudiosMx<\/p>\n\n\n\n<p><a rel=\"noreferrer noopener\" href=\"http:\/\/www.facebook.com\/EstudiosPoliticos.mx\" target=\"_blank\">www.facebook.com\/EstudiosPoliticos.mx<\/a><\/p>\n","protected":false},"excerpt":{"rendered":"<p>\u00d3scar Tamez Rodr\u00edguez Esteban Moctezuma habl\u00f3 el viernes de la evaluaci\u00f3n a los maestros, dejar\u00e1 de ser punitiva, agrega que esa medici\u00f3n no contribuye a la calidad educativa. Es cierto, si se quiere hablar de calidad debe evaluarse la infraestructura educativa, pertinencia de los planes y programas de estudio, la formaci\u00f3n docente, acceso a las [&hellip;]<\/p>\n","protected":false},"author":1,"featured_media":1596,"comment_status":"open","ping_status":"open","sticky":true,"template":"","format":"standard","meta":{"footnotes":""},"categories":[12],"tags":[],"_links":{"self":[{"href":"https:\/\/diariodigitalmx.com\/index.php\/wp-json\/wp\/v2\/posts\/1767"}],"collection":[{"href":"https:\/\/diariodigitalmx.com\/index.php\/wp-json\/wp\/v2\/posts"}],"about":[{"href":"https:\/\/diariodigitalmx.com\/index.php\/wp-json\/wp\/v2\/types\/post"}],"author":[{"embeddable":true,"href":"https:\/\/diariodigitalmx.com\/index.php\/wp-json\/wp\/v2\/users\/1"}],"replies":[{"embeddable":true,"href":"https:\/\/diariodigitalmx.com\/index.php\/wp-json\/wp\/v2\/comments?post=1767"}],"version-history":[{"count":1,"href":"https:\/\/diariodigitalmx.com\/index.php\/wp-json\/wp\/v2\/posts\/1767\/revisions"}],"predecessor-version":[{"id":1768,"href":"https:\/\/diariodigitalmx.com\/index.php\/wp-json\/wp\/v2\/posts\/1767\/revisions\/1768"}],"wp:featuredmedia":[{"embeddable":true,"href":"https:\/\/diariodigitalmx.com\/index.php\/wp-json\/wp\/v2\/media\/1596"}],"wp:attachment":[{"href":"https:\/\/diariodigitalmx.com\/index.php\/wp-json\/wp\/v2\/media?parent=1767"}],"wp:term":[{"taxonomy":"category","embeddable":true,"href":"https:\/\/diariodigitalmx.com\/index.php\/wp-json\/wp\/v2\/categories?post=1767"},{"taxonomy":"post_tag","embeddable":true,"href":"https:\/\/diariodigitalmx.com\/index.php\/wp-json\/wp\/v2\/tags?post=1767"}],"curies":[{"name":"wp","href":"https:\/\/api.w.org\/{rel}","templated":true}]}}