{"id":17671,"date":"2019-11-26T12:17:15","date_gmt":"2019-11-26T18:17:15","guid":{"rendered":"http:\/\/diariodigitalmx.com\/?p=17671"},"modified":"2019-11-26T12:17:54","modified_gmt":"2019-11-26T18:17:54","slug":"empresarios-y-gobierno-federal-a-partir-un-pinon","status":"publish","type":"post","link":"https:\/\/diariodigitalmx.com\/index.php\/2019\/11\/26\/empresarios-y-gobierno-federal-a-partir-un-pinon\/","title":{"rendered":"Empresarios y Gobierno Federal a partir un pi\u00f1\u00f3n"},"content":{"rendered":"\n<p>Durante la presentaci\u00f3n del Acuerdo Nacional de Inversi\u00f3n en Infraestructura entre el sector empresarial y el Gobierno de M\u00e9xico, el presidente Andr\u00e9s Manuel L\u00f3pez Obrador dej\u00f3 claro que no existen diferencias ni problemas con los inversionistas nacionales.<\/p>\n\n\n\n<p>&#8220;No tenemos ninguna diferencia, ning\u00fan problema con el sector empresarial, hemos procurado mantener buenas relaciones y agradezco mucho que los representantes empresariales est\u00e9n actuando con mucha responsabilidad&#8221;, expres\u00f3.<\/p>\n\n\n\n<p>Ante empresarios en el Sal\u00f3n Tesorer\u00eda de Palacio Nacional, el mandatario reconoci\u00f3 la intervenci\u00f3n de los empresarios Carlos Salazar y Antonio del Valle como intermediarios tras el desencuentro con empresarios del gas.<\/p>\n\n\n\n<p>&#8220;Los empresarios tienen comunicaci\u00f3n con nosotros, Carlos Salazar, lo mismo que Antonio del valle, que nos ayudan e intervienen cuando hay controversias como fue el caso del gas. Nos llev\u00f3 un tiempo, pero no se tuvo que ir a tribunales internacionales, mediante di\u00e1logo se lleg\u00f3 a un acuerdo, esto garantiza que tengamos gas para 20 a\u00f1os&#8221;, afirm\u00f3.<\/p>\n\n\n\n<p>Refiri\u00f3 que luego de ese conflicto se dialog\u00f3 con las empresas y su gobierno respeto los acuerdos que, incluso, se hab\u00edan establecido en administraciones anteriores, mientras que por parte los integrantes de la iniciativa privada hubo una reducci\u00f3n con en el cobro de las tarifas y se lleg\u00f3 a un acuerdo.<\/p>\n\n\n\n<p>En este marco L\u00f3pez Obrador indic\u00f3 que en su gobierno nadie est\u00e1 &#8220;marginado ni vilipendiado&#8221; ya que gobierna para todas las clases sociales.<\/p>\n","protected":false},"excerpt":{"rendered":"<p>Durante la presentaci\u00f3n del Acuerdo Nacional de Inversi\u00f3n en Infraestructura entre el sector empresarial y el Gobierno de M\u00e9xico, el presidente Andr\u00e9s Manuel L\u00f3pez Obrador dej\u00f3 claro que no existen diferencias ni problemas con los inversionistas nacionales. &#8220;No tenemos ninguna diferencia, ning\u00fan problema con el sector empresarial, hemos procurado mantener buenas relaciones y agradezco mucho [&hellip;]<\/p>\n","protected":false},"author":1,"featured_media":17674,"comment_status":"open","ping_status":"open","sticky":true,"template":"","format":"standard","meta":{"footnotes":""},"categories":[2],"tags":[],"_links":{"self":[{"href":"https:\/\/diariodigitalmx.com\/index.php\/wp-json\/wp\/v2\/posts\/17671"}],"collection":[{"href":"https:\/\/diariodigitalmx.com\/index.php\/wp-json\/wp\/v2\/posts"}],"about":[{"href":"https:\/\/diariodigitalmx.com\/index.php\/wp-json\/wp\/v2\/types\/post"}],"author":[{"embeddable":true,"href":"https:\/\/diariodigitalmx.com\/index.php\/wp-json\/wp\/v2\/users\/1"}],"replies":[{"embeddable":true,"href":"https:\/\/diariodigitalmx.com\/index.php\/wp-json\/wp\/v2\/comments?post=17671"}],"version-history":[{"count":1,"href":"https:\/\/diariodigitalmx.com\/index.php\/wp-json\/wp\/v2\/posts\/17671\/revisions"}],"predecessor-version":[{"id":17672,"href":"https:\/\/diariodigitalmx.com\/index.php\/wp-json\/wp\/v2\/posts\/17671\/revisions\/17672"}],"wp:featuredmedia":[{"embeddable":true,"href":"https:\/\/diariodigitalmx.com\/index.php\/wp-json\/wp\/v2\/media\/17674"}],"wp:attachment":[{"href":"https:\/\/diariodigitalmx.com\/index.php\/wp-json\/wp\/v2\/media?parent=17671"}],"wp:term":[{"taxonomy":"category","embeddable":true,"href":"https:\/\/diariodigitalmx.com\/index.php\/wp-json\/wp\/v2\/categories?post=17671"},{"taxonomy":"post_tag","embeddable":true,"href":"https:\/\/diariodigitalmx.com\/index.php\/wp-json\/wp\/v2\/tags?post=17671"}],"curies":[{"name":"wp","href":"https:\/\/api.w.org\/{rel}","templated":true}]}}