{"id":17780,"date":"2019-11-27T18:37:05","date_gmt":"2019-11-28T00:37:05","guid":{"rendered":"http:\/\/diariodigitalmx.com\/?p=17780"},"modified":"2019-11-27T18:39:49","modified_gmt":"2019-11-28T00:39:49","slug":"17780","status":"publish","type":"post","link":"https:\/\/diariodigitalmx.com\/index.php\/2019\/11\/27\/17780\/","title":{"rendered":"Muy mala calidad del aire; lanzan alerta en la zona metropolitana regia"},"content":{"rendered":"\n<p>El Gobierno del Estado de Nuevo Le\u00f3n, a trav\u00e9s de la Secretar\u00eda de Desarrollo Sustentable activ\u00f3 la alerta ambiental por altas concentraciones de part\u00edculas menores a 10 micr\u00f3metros.<br><\/p>\n\n\n\n<p>La alerta para el \u00e1rea metropolitana se da luego de que once de las trece estaciones del Sistema Integral de Monitoreo Ambiental registraron mala calidad del aire en sus mediciones.<br><\/p>\n\n\n\n<p>Por ello, se solicit\u00f3 al sector industrial y de construcci\u00f3n no realizar actividades que intensifiquen la emisi\u00f3n de part\u00edculas y les piden tomar las medidas de humectaci\u00f3n adecuadas en patios y materiales almacenados a la intemperie.<br><\/p>\n\n\n\n<p>&#8220;A las escuelas y planteles educativos se les recomienda dar seguimiento a monitoreo de calidad del aire, minimizar actividades c\u00edvicas, culturales, deportivas y de recreo al aire libre, mantener cerradas puertas y ventanas, procurar apagar motores vehiculares de transporte escolar y familias en tiempos de espera, humectar \u00e1reas sin cubierta vegetal y mantener alerta al servicio m\u00e9dico para atender cualquier malestar de alumnado y personal escolar&#8221;.<\/p>\n\n\n\n<p><br><\/p>\n\n\n\n<ul class=\"wp-block-gallery columns-1 is-cropped wp-block-gallery-1 is-layout-flex wp-block-gallery-is-layout-flex\"><li class=\"blocks-gallery-item\"><figure><img loading=\"lazy\" decoding=\"async\" width=\"660\" height=\"440\" src=\"http:\/\/diariodigitalmx.com\/wp-content\/uploads\/2019\/11\/IMG-20191127-WA0015.jpg\" alt=\"\" data-id=\"17786\" data-link=\"http:\/\/diariodigitalmx.com\/index.php\/2019\/11\/27\/17780\/img-20191127-wa0015\/\" class=\"wp-image-17786\" srcset=\"https:\/\/diariodigitalmx.com\/wp-content\/uploads\/2019\/11\/IMG-20191127-WA0015.jpg 660w, https:\/\/diariodigitalmx.com\/wp-content\/uploads\/2019\/11\/IMG-20191127-WA0015-300x200.jpg 300w\" sizes=\"(max-width: 660px) 100vw, 660px\" \/><\/figure><\/li><\/ul>\n\n\n\n<p>Otras de las recomendaciones son&nbsp; evitar actividades al aire libre y que grupos sensibles como menores, adultos mayores y personas con padecimientos bronco-respiratorios y cardiovasculares se mantengan en interiores.<br><\/p>\n\n\n\n<p>&#8220;Debido a la entrada del frente fr\u00edo N\u00b018, se han registrado rachas de vientos superiores a los 70 km\/h en el norte y noreste del pa\u00eds; simult\u00e1neamente se presentan condiciones de baja humedad relativa, lo cual propicia las condiciones ideales para la re-suspensi\u00f3n de polvos en la Zona metropolitana de Monterrey&#8221;, se explic\u00f3 al dar la alerta.<br><\/p>\n\n\n\n<p>&#8220;Este fen\u00f3meno meteorol\u00f3gico permiti\u00f3 el incremento de las concentraciones de part\u00edculas menores a 10 micr\u00f3metros (PM10), registr\u00e1ndose valores elevados de este contaminantes en todas las estaciones del Sistema Integral de Monitoreo Ambiental (SIMA), principalmente en el oriente de la ZMM, llegando a su valor m\u00e1ximo en la estaci\u00f3n Apodaca, con 146 puntos IMECA&#8221;.<br><\/p>\n\n\n\n<p>El Estado exhort\u00f3 a las autoridades municipales y federales a mantener la vigilancia en las empresas y actividades de su competencia, as\u00ed como la reducci\u00f3n de las emisiones de comercios y servicios, incluyendo restaurantes.<\/p>\n","protected":false},"excerpt":{"rendered":"<p>El Gobierno del Estado de Nuevo Le\u00f3n, a trav\u00e9s de la Secretar\u00eda de Desarrollo Sustentable activ\u00f3 la alerta ambiental por altas concentraciones de part\u00edculas menores a 10 micr\u00f3metros. La alerta para el \u00e1rea metropolitana se da luego de que once de las trece estaciones del Sistema Integral de Monitoreo Ambiental registraron mala calidad del aire [&hellip;]<\/p>\n","protected":false},"author":1,"featured_media":17784,"comment_status":"open","ping_status":"open","sticky":true,"template":"","format":"standard","meta":{"footnotes":""},"categories":[6,3],"tags":[],"_links":{"self":[{"href":"https:\/\/diariodigitalmx.com\/index.php\/wp-json\/wp\/v2\/posts\/17780"}],"collection":[{"href":"https:\/\/diariodigitalmx.com\/index.php\/wp-json\/wp\/v2\/posts"}],"about":[{"href":"https:\/\/diariodigitalmx.com\/index.php\/wp-json\/wp\/v2\/types\/post"}],"author":[{"embeddable":true,"href":"https:\/\/diariodigitalmx.com\/index.php\/wp-json\/wp\/v2\/users\/1"}],"replies":[{"embeddable":true,"href":"https:\/\/diariodigitalmx.com\/index.php\/wp-json\/wp\/v2\/comments?post=17780"}],"version-history":[{"count":3,"href":"https:\/\/diariodigitalmx.com\/index.php\/wp-json\/wp\/v2\/posts\/17780\/revisions"}],"predecessor-version":[{"id":17787,"href":"https:\/\/diariodigitalmx.com\/index.php\/wp-json\/wp\/v2\/posts\/17780\/revisions\/17787"}],"wp:featuredmedia":[{"embeddable":true,"href":"https:\/\/diariodigitalmx.com\/index.php\/wp-json\/wp\/v2\/media\/17784"}],"wp:attachment":[{"href":"https:\/\/diariodigitalmx.com\/index.php\/wp-json\/wp\/v2\/media?parent=17780"}],"wp:term":[{"taxonomy":"category","embeddable":true,"href":"https:\/\/diariodigitalmx.com\/index.php\/wp-json\/wp\/v2\/categories?post=17780"},{"taxonomy":"post_tag","embeddable":true,"href":"https:\/\/diariodigitalmx.com\/index.php\/wp-json\/wp\/v2\/tags?post=17780"}],"curies":[{"name":"wp","href":"https:\/\/api.w.org\/{rel}","templated":true}]}}