{"id":17789,"date":"2019-11-27T20:19:15","date_gmt":"2019-11-28T02:19:15","guid":{"rendered":"http:\/\/diariodigitalmx.com\/?p=17789"},"modified":"2019-11-27T20:23:54","modified_gmt":"2019-11-28T02:23:54","slug":"17789","status":"publish","type":"post","link":"https:\/\/diariodigitalmx.com\/index.php\/2019\/11\/27\/17789\/","title":{"rendered":"Trabajadores de Metrorrey firmes en su sindicato, no hay ninguna migraci\u00f3n: Celso Lugo"},"content":{"rendered":"\n<p>Los trabajadores del metro de Monterrey no se van a ning\u00fan otro gremio y contin\u00faan en el Sindicato de Trabajadores al Servicio del Sistema de Transporte Colectivo de Metrorrey, adheridos a los Sindicatos Independientes.<br><\/p>\n\n\n\n<p>As\u00ed lo se\u00f1ala el asesor del sindicato, Celso Lugo, quien rechaza la existencia de una disputa por la titularidad del contrato colectivo de trabajo de los 718 trabajadores del metro.<\/p>\n\n\n\n<p><br><\/p>\n\n\n\n<figure class=\"wp-block-image\"><img loading=\"lazy\" decoding=\"async\" width=\"576\" height=\"1024\" src=\"http:\/\/diariodigitalmx.com\/wp-content\/uploads\/2019\/11\/IMG-20191127-WA0003-576x1024.jpg\" alt=\"\" class=\"wp-image-17795\" srcset=\"https:\/\/diariodigitalmx.com\/wp-content\/uploads\/2019\/11\/IMG-20191127-WA0003-576x1024.jpg 576w, https:\/\/diariodigitalmx.com\/wp-content\/uploads\/2019\/11\/IMG-20191127-WA0003-169x300.jpg 169w, https:\/\/diariodigitalmx.com\/wp-content\/uploads\/2019\/11\/IMG-20191127-WA0003.jpg 720w\" sizes=\"(max-width: 576px) 100vw, 576px\" \/><\/figure>\n\n\n\n<p>Record\u00f3 que recientemente se realizaron elecciones internas donde participaron dos planillas representativas de los trabajadores y a las que acudieron a las urnas&nbsp;457 votantes.<br><\/p>\n\n\n\n<p>El resultado fue el triunfo para la planilla Uni\u00f3n y Lealtad con Alberto Guti\u00e9rrez como candidato a secretario general. La otra planilla Uni\u00f3n y Trabajo la encabez\u00f3 como aspirante a dirigente Jos\u00e9 Castillo.<br><\/p>\n\n\n\n<p>Celso Lugo inform\u00f3 que en este caso, ambas planillas de unifican luego de concluidos los comicios y en un solo grupo determinan trabajar por el gremio de los trabajadores del metro bajo la dirigencia que presidir\u00e1 Alberto Guti\u00e9rrez, en cuanto les otorgue la autoridad la certificaci\u00f3n del sindicato y que ser\u00e1 en los pr\u00f3ximos d\u00edas.<\/p>\n\n\n\n<p><br><\/p>\n\n\n\n<figure class=\"wp-block-image\"><img loading=\"lazy\" decoding=\"async\" width=\"476\" height=\"358\" src=\"http:\/\/diariodigitalmx.com\/wp-content\/uploads\/2019\/11\/metro-de-monterrey.jpg\" alt=\"\" class=\"wp-image-17798\" srcset=\"https:\/\/diariodigitalmx.com\/wp-content\/uploads\/2019\/11\/metro-de-monterrey.jpg 476w, https:\/\/diariodigitalmx.com\/wp-content\/uploads\/2019\/11\/metro-de-monterrey-300x226.jpg 300w\" sizes=\"(max-width: 476px) 100vw, 476px\" \/><\/figure>\n\n\n\n<p>El actual secretario general Ervey Garc\u00eda de la Cruz ha mantenido la tranquilidad y el equilibrio al interior del sindicato y su gesti\u00f3n es catalogada de importancia en los logros obtenidos para los sindicalizados.<br><\/p>\n\n\n\n<p>El asesor del sindicato dijo que quiz\u00e1 los rumores se esparcieron tras la baja de un trabajador al que se descubri\u00f3 en la falsificaci\u00f3n de firmas y otro m\u00e1s que, decidi\u00f3 irse para sumarse a las filas del gremio que preside la se\u00f1ora Patricia Cuspinera Badillo.<br><\/p>\n\n\n\n<p>&#8220;No hay ning\u00fan problema o inquietud de los trabajadores, hay tranquilidad y no tenemos riesgo de al servicio del metro y el transmetro, solo fueron rumores sin fundamento&#8221;, explic\u00f3 Celso Lugo.<\/p>\n\n\n\n<p><\/p>\n\n\n\n<p><\/p>\n\n\n\n<p><\/p>\n","protected":false},"excerpt":{"rendered":"<p>Los trabajadores del metro de Monterrey no se van a ning\u00fan otro gremio y contin\u00faan en el Sindicato de Trabajadores al Servicio del Sistema de Transporte Colectivo de Metrorrey, adheridos a los Sindicatos Independientes. As\u00ed lo se\u00f1ala el asesor del sindicato, Celso Lugo, quien rechaza la existencia de una disputa por la titularidad del contrato [&hellip;]<\/p>\n","protected":false},"author":1,"featured_media":17794,"comment_status":"open","ping_status":"open","sticky":false,"template":"","format":"standard","meta":{"footnotes":""},"categories":[6,5],"tags":[],"_links":{"self":[{"href":"https:\/\/diariodigitalmx.com\/index.php\/wp-json\/wp\/v2\/posts\/17789"}],"collection":[{"href":"https:\/\/diariodigitalmx.com\/index.php\/wp-json\/wp\/v2\/posts"}],"about":[{"href":"https:\/\/diariodigitalmx.com\/index.php\/wp-json\/wp\/v2\/types\/post"}],"author":[{"embeddable":true,"href":"https:\/\/diariodigitalmx.com\/index.php\/wp-json\/wp\/v2\/users\/1"}],"replies":[{"embeddable":true,"href":"https:\/\/diariodigitalmx.com\/index.php\/wp-json\/wp\/v2\/comments?post=17789"}],"version-history":[{"count":4,"href":"https:\/\/diariodigitalmx.com\/index.php\/wp-json\/wp\/v2\/posts\/17789\/revisions"}],"predecessor-version":[{"id":17799,"href":"https:\/\/diariodigitalmx.com\/index.php\/wp-json\/wp\/v2\/posts\/17789\/revisions\/17799"}],"wp:featuredmedia":[{"embeddable":true,"href":"https:\/\/diariodigitalmx.com\/index.php\/wp-json\/wp\/v2\/media\/17794"}],"wp:attachment":[{"href":"https:\/\/diariodigitalmx.com\/index.php\/wp-json\/wp\/v2\/media?parent=17789"}],"wp:term":[{"taxonomy":"category","embeddable":true,"href":"https:\/\/diariodigitalmx.com\/index.php\/wp-json\/wp\/v2\/categories?post=17789"},{"taxonomy":"post_tag","embeddable":true,"href":"https:\/\/diariodigitalmx.com\/index.php\/wp-json\/wp\/v2\/tags?post=17789"}],"curies":[{"name":"wp","href":"https:\/\/api.w.org\/{rel}","templated":true}]}}