{"id":1779,"date":"2019-04-01T12:05:59","date_gmt":"2019-04-01T18:05:59","guid":{"rendered":"http:\/\/diariodigitalmx.com\/?p=1779"},"modified":"2019-04-01T12:06:00","modified_gmt":"2019-04-01T18:06:00","slug":"confirma-botellita-de-jerez-muerte-de-armando-vega-gil","status":"publish","type":"post","link":"https:\/\/diariodigitalmx.com\/index.php\/2019\/04\/01\/confirma-botellita-de-jerez-muerte-de-armando-vega-gil\/","title":{"rendered":"Confirma Botellita de Jerez muerte de Armando Vega Gil"},"content":{"rendered":"\n<p> &#8220;M\u00e1s vale un final terrible que un terror sin final\u201d, fueron las palabras que Vega Gil escribi\u00f3 para anunciar su suicidio. <\/p>\n\n\n\n<p>El tambi\u00e9n fundador de una de las bandas m\u00e1s influyentes de rock mexicano contempor\u00e1neo hab\u00eda sido acusado a trav\u00e9s de Twitter de abusar de una mujer cuando \u00e9sta ten\u00eda 13 a\u00f1os de edad.<\/p>\n\n\n\n<p>El m\u00fasico utiliz\u00f3 su cuenta en esa red social para deslindarse de la acusaci\u00f3n y anunciar a sus fans que el \u00fanico camino posible que ve\u00eda era el sucidio, \u201cuna decisi\u00f3n voluntaria, consciente, libre y personal\u201d, escribi\u00f3 el tambi\u00e9n escritor y compositor.<\/p>\n\n\n\n<p>\u201cLo que menos deseo es que mi hijo se vea afectado por la falsa acusaci\u00f3n que se me hace. Debo aclarar que mi muerte no es una confesi\u00f3n de culpabilidad, todo lo contrario, es una radical declaraci\u00f3n de inocencia; s\u00f3lo quiero dejar limpio el camino que transite mi hijo en su futuro. Su orfandad es una manera terrible de violentarlo, pero m\u00e1s vale un final terrible que un terror sin final\u201d, fueron las palabras que Vega Gil escribi\u00f3 para anunciar su suicidio.<\/p>\n","protected":false},"excerpt":{"rendered":"<p>&#8220;M\u00e1s vale un final terrible que un terror sin final\u201d, fueron las palabras que Vega Gil escribi\u00f3 para anunciar su suicidio. El tambi\u00e9n fundador de una de las bandas m\u00e1s influyentes de rock mexicano contempor\u00e1neo hab\u00eda sido acusado a trav\u00e9s de Twitter de abusar de una mujer cuando \u00e9sta ten\u00eda 13 a\u00f1os de edad. El [&hellip;]<\/p>\n","protected":false},"author":1,"featured_media":1780,"comment_status":"open","ping_status":"open","sticky":true,"template":"","format":"standard","meta":{"footnotes":""},"categories":[9],"tags":[],"_links":{"self":[{"href":"https:\/\/diariodigitalmx.com\/index.php\/wp-json\/wp\/v2\/posts\/1779"}],"collection":[{"href":"https:\/\/diariodigitalmx.com\/index.php\/wp-json\/wp\/v2\/posts"}],"about":[{"href":"https:\/\/diariodigitalmx.com\/index.php\/wp-json\/wp\/v2\/types\/post"}],"author":[{"embeddable":true,"href":"https:\/\/diariodigitalmx.com\/index.php\/wp-json\/wp\/v2\/users\/1"}],"replies":[{"embeddable":true,"href":"https:\/\/diariodigitalmx.com\/index.php\/wp-json\/wp\/v2\/comments?post=1779"}],"version-history":[{"count":1,"href":"https:\/\/diariodigitalmx.com\/index.php\/wp-json\/wp\/v2\/posts\/1779\/revisions"}],"predecessor-version":[{"id":1781,"href":"https:\/\/diariodigitalmx.com\/index.php\/wp-json\/wp\/v2\/posts\/1779\/revisions\/1781"}],"wp:featuredmedia":[{"embeddable":true,"href":"https:\/\/diariodigitalmx.com\/index.php\/wp-json\/wp\/v2\/media\/1780"}],"wp:attachment":[{"href":"https:\/\/diariodigitalmx.com\/index.php\/wp-json\/wp\/v2\/media?parent=1779"}],"wp:term":[{"taxonomy":"category","embeddable":true,"href":"https:\/\/diariodigitalmx.com\/index.php\/wp-json\/wp\/v2\/categories?post=1779"},{"taxonomy":"post_tag","embeddable":true,"href":"https:\/\/diariodigitalmx.com\/index.php\/wp-json\/wp\/v2\/tags?post=1779"}],"curies":[{"name":"wp","href":"https:\/\/api.w.org\/{rel}","templated":true}]}}