{"id":17813,"date":"2019-11-27T22:16:53","date_gmt":"2019-11-28T04:16:53","guid":{"rendered":"http:\/\/diariodigitalmx.com\/?p=17813"},"modified":"2019-11-27T22:20:48","modified_gmt":"2019-11-28T04:20:48","slug":"17813","status":"publish","type":"post","link":"https:\/\/diariodigitalmx.com\/index.php\/2019\/11\/27\/17813\/","title":{"rendered":"Celebran 50 a\u00f1os de la primera secundaria construida en Escobedo; la nombran patrimonio municipal"},"content":{"rendered":"\n<figure class=\"wp-block-image\"><img loading=\"lazy\" decoding=\"async\" width=\"1024\" height=\"683\" src=\"http:\/\/diariodigitalmx.com\/wp-content\/uploads\/2019\/11\/IMG_0202-1024x683.jpg\" alt=\"\" class=\"wp-image-17820\" srcset=\"https:\/\/diariodigitalmx.com\/wp-content\/uploads\/2019\/11\/IMG_0202-1024x683.jpg 1024w, https:\/\/diariodigitalmx.com\/wp-content\/uploads\/2019\/11\/IMG_0202-300x200.jpg 300w, https:\/\/diariodigitalmx.com\/wp-content\/uploads\/2019\/11\/IMG_0202-768x512.jpg 768w, https:\/\/diariodigitalmx.com\/wp-content\/uploads\/2019\/11\/IMG_0202.jpg 1366w\" sizes=\"(max-width: 1024px) 100vw, 1024px\" \/><\/figure>\n\n\n\n<p><br><\/p>\n\n\n\n<p>Con una sesi\u00f3n solemne de Cabildo, el Municipio de Escobedo conmemor\u00f3 el 50 aniversario de la Escuela Secundaria No. 6 \u201cDonato Elizondo Ayala\u201d, y la nombr\u00f3 patrimonio hist\u00f3rico cultural.<br><\/p>\n\n\n\n<p>La Alcaldesa de Escobedo, Clara Luz Flores Carrales, destac\u00f3 la importancia de la secundaria, al ser la primera instituci\u00f3n educativa en su tipo que se construy\u00f3 en el municipio, y con ello, ser parte vital en la obtenci\u00f3n de conocimientos para la sociedad.<\/p>\n\n\n\n<p><br><\/p>\n\n\n\n<figure class=\"wp-block-image\"><img loading=\"lazy\" decoding=\"async\" width=\"1024\" height=\"683\" src=\"http:\/\/diariodigitalmx.com\/wp-content\/uploads\/2019\/11\/IMG_0155-1024x683.jpg\" alt=\"\" class=\"wp-image-17822\" srcset=\"https:\/\/diariodigitalmx.com\/wp-content\/uploads\/2019\/11\/IMG_0155-1024x683.jpg 1024w, https:\/\/diariodigitalmx.com\/wp-content\/uploads\/2019\/11\/IMG_0155-300x200.jpg 300w, https:\/\/diariodigitalmx.com\/wp-content\/uploads\/2019\/11\/IMG_0155-768x512.jpg 768w, https:\/\/diariodigitalmx.com\/wp-content\/uploads\/2019\/11\/IMG_0155.jpg 1366w\" sizes=\"(max-width: 1024px) 100vw, 1024px\" \/><\/figure>\n\n\n\n<p>\u201cEstamos emocionados\u201d, dijo la Alcaldesa, \u201clos que hemos sido testigos del crecimiento, el avance y lo que significa para los ciudadanos de Escobedo esta secundaria\u201d.<br><\/p>\n\n\n\n<p>La Edil alent\u00f3 al p\u00fablico presente, y en especial a los alumnos, a dar lo mejor de ellos cada d\u00eda porque las acciones que realicen tendr\u00e1n gran repercusi\u00f3n en el futuro.<\/p>\n\n\n\n<p><br><\/p>\n\n\n\n<figure class=\"wp-block-image\"><img loading=\"lazy\" decoding=\"async\" width=\"1024\" height=\"683\" src=\"http:\/\/diariodigitalmx.com\/wp-content\/uploads\/2019\/11\/IMG_0096-1024x683.jpg\" alt=\"\" class=\"wp-image-17824\" srcset=\"https:\/\/diariodigitalmx.com\/wp-content\/uploads\/2019\/11\/IMG_0096-1024x683.jpg 1024w, https:\/\/diariodigitalmx.com\/wp-content\/uploads\/2019\/11\/IMG_0096-300x200.jpg 300w, https:\/\/diariodigitalmx.com\/wp-content\/uploads\/2019\/11\/IMG_0096-768x512.jpg 768w, https:\/\/diariodigitalmx.com\/wp-content\/uploads\/2019\/11\/IMG_0096.jpg 1366w\" sizes=\"(max-width: 1024px) 100vw, 1024px\" \/><\/figure>\n\n\n\n<p>\u201cTenemos un gran compromiso, que todo lo que hagamos, todos los d\u00edas, desde la iniciativa privada, la ciudadan\u00eda, desde los estudiantes\u201d, se\u00f1al\u00f3 la Mun\u00edcipe, \u201ctodos tenemos una gran responsabilidad en cada una de las cosas que hacemos, porque vamos a heredar eso que hacemos o que dejamos de hacer\u201d.<\/p>\n\n\n\n<p><br><\/p>\n\n\n\n<figure class=\"wp-block-image\"><img loading=\"lazy\" decoding=\"async\" width=\"1024\" height=\"683\" src=\"http:\/\/diariodigitalmx.com\/wp-content\/uploads\/2019\/11\/IMG_0084-1024x683.jpg\" alt=\"\" class=\"wp-image-17826\" srcset=\"https:\/\/diariodigitalmx.com\/wp-content\/uploads\/2019\/11\/IMG_0084-1024x683.jpg 1024w, https:\/\/diariodigitalmx.com\/wp-content\/uploads\/2019\/11\/IMG_0084-300x200.jpg 300w, https:\/\/diariodigitalmx.com\/wp-content\/uploads\/2019\/11\/IMG_0084-768x512.jpg 768w, https:\/\/diariodigitalmx.com\/wp-content\/uploads\/2019\/11\/IMG_0084.jpg 1366w\" sizes=\"(max-width: 1024px) 100vw, 1024px\" \/><\/figure>\n\n\n\n<p>Durante la celebraci\u00f3n, Flores Carrales reconoci\u00f3 a familiares de Donato Elizondo Ayala, donador del terreno donde se construy\u00f3 la secundaria que hoy lleva su nombre.<br><\/p>\n\n\n\n<p>Para sellar el festejo, fue develada una placa en la entrada de la instituci\u00f3n, donde se declara que el plantel quedar\u00e1 catalogado para su resguardo, protecci\u00f3n y preservaci\u00f3n de sus edificios formando parte del patrimonio municipal.<\/p>\n","protected":false},"excerpt":{"rendered":"<p>Con una sesi\u00f3n solemne de Cabildo, el Municipio de Escobedo conmemor\u00f3 el 50 aniversario de la Escuela Secundaria No. 6 \u201cDonato Elizondo Ayala\u201d, y la nombr\u00f3 patrimonio hist\u00f3rico cultural. La Alcaldesa de Escobedo, Clara Luz Flores Carrales, destac\u00f3 la importancia de la secundaria, al ser la primera instituci\u00f3n educativa en su tipo que se construy\u00f3 [&hellip;]<\/p>\n","protected":false},"author":1,"featured_media":17819,"comment_status":"open","ping_status":"open","sticky":false,"template":"","format":"standard","meta":{"footnotes":""},"categories":[6,5],"tags":[],"_links":{"self":[{"href":"https:\/\/diariodigitalmx.com\/index.php\/wp-json\/wp\/v2\/posts\/17813"}],"collection":[{"href":"https:\/\/diariodigitalmx.com\/index.php\/wp-json\/wp\/v2\/posts"}],"about":[{"href":"https:\/\/diariodigitalmx.com\/index.php\/wp-json\/wp\/v2\/types\/post"}],"author":[{"embeddable":true,"href":"https:\/\/diariodigitalmx.com\/index.php\/wp-json\/wp\/v2\/users\/1"}],"replies":[{"embeddable":true,"href":"https:\/\/diariodigitalmx.com\/index.php\/wp-json\/wp\/v2\/comments?post=17813"}],"version-history":[{"count":7,"href":"https:\/\/diariodigitalmx.com\/index.php\/wp-json\/wp\/v2\/posts\/17813\/revisions"}],"predecessor-version":[{"id":17827,"href":"https:\/\/diariodigitalmx.com\/index.php\/wp-json\/wp\/v2\/posts\/17813\/revisions\/17827"}],"wp:featuredmedia":[{"embeddable":true,"href":"https:\/\/diariodigitalmx.com\/index.php\/wp-json\/wp\/v2\/media\/17819"}],"wp:attachment":[{"href":"https:\/\/diariodigitalmx.com\/index.php\/wp-json\/wp\/v2\/media?parent=17813"}],"wp:term":[{"taxonomy":"category","embeddable":true,"href":"https:\/\/diariodigitalmx.com\/index.php\/wp-json\/wp\/v2\/categories?post=17813"},{"taxonomy":"post_tag","embeddable":true,"href":"https:\/\/diariodigitalmx.com\/index.php\/wp-json\/wp\/v2\/tags?post=17813"}],"curies":[{"name":"wp","href":"https:\/\/api.w.org\/{rel}","templated":true}]}}