{"id":17838,"date":"2019-11-28T14:08:47","date_gmt":"2019-11-28T20:08:47","guid":{"rendered":"http:\/\/diariodigitalmx.com\/?p=17838"},"modified":"2019-11-28T14:09:14","modified_gmt":"2019-11-28T20:09:14","slug":"dice-la-cepal-que-mexico-no-esta-en-recesion","status":"publish","type":"post","link":"https:\/\/diariodigitalmx.com\/index.php\/2019\/11\/28\/dice-la-cepal-que-mexico-no-esta-en-recesion\/","title":{"rendered":"Dice la Cepal que M\u00e9xico no est\u00e1 en recesi\u00f3n"},"content":{"rendered":"\n<p>La secretaria ejecutiva de la Comisi\u00f3n Econ\u00f3mica para Am\u00e9rica Latina y el Caribe (Cepal), Alicia B\u00e1rcena, descart\u00f3 que M\u00e9xico se encuentre en recesi\u00f3n pese al bajo crecimiento mostrado en este 2019.<\/p>\n\n\n\n<p>La funcionaria coment\u00f3 que el organismo internacional baj\u00f3 a 0.2 por ciento su pron\u00f3stico de crecimiento para la econom\u00eda mexicana en el a\u00f1o en curso.<\/p>\n\n\n\n<p>\u201cNosotros no creemos que M\u00e9xico est\u00e9 en recesi\u00f3n, nuestros proyecci\u00f3n es de 0.2 por ciento, a pesar de tener este entorno incierto relacionado con la inversi\u00f3n\u201d, manifest\u00f3 durante la presentaci\u00f3n del informe Panorama Social de Am\u00e9rica Latina 2019.<\/p>\n","protected":false},"excerpt":{"rendered":"<p>La secretaria ejecutiva de la Comisi\u00f3n Econ\u00f3mica para Am\u00e9rica Latina y el Caribe (Cepal), Alicia B\u00e1rcena, descart\u00f3 que M\u00e9xico se encuentre en recesi\u00f3n pese al bajo crecimiento mostrado en este 2019. La funcionaria coment\u00f3 que el organismo internacional baj\u00f3 a 0.2 por ciento su pron\u00f3stico de crecimiento para la econom\u00eda mexicana en el a\u00f1o en [&hellip;]<\/p>\n","protected":false},"author":1,"featured_media":17840,"comment_status":"open","ping_status":"open","sticky":true,"template":"","format":"standard","meta":{"footnotes":""},"categories":[4,5],"tags":[],"_links":{"self":[{"href":"https:\/\/diariodigitalmx.com\/index.php\/wp-json\/wp\/v2\/posts\/17838"}],"collection":[{"href":"https:\/\/diariodigitalmx.com\/index.php\/wp-json\/wp\/v2\/posts"}],"about":[{"href":"https:\/\/diariodigitalmx.com\/index.php\/wp-json\/wp\/v2\/types\/post"}],"author":[{"embeddable":true,"href":"https:\/\/diariodigitalmx.com\/index.php\/wp-json\/wp\/v2\/users\/1"}],"replies":[{"embeddable":true,"href":"https:\/\/diariodigitalmx.com\/index.php\/wp-json\/wp\/v2\/comments?post=17838"}],"version-history":[{"count":1,"href":"https:\/\/diariodigitalmx.com\/index.php\/wp-json\/wp\/v2\/posts\/17838\/revisions"}],"predecessor-version":[{"id":17839,"href":"https:\/\/diariodigitalmx.com\/index.php\/wp-json\/wp\/v2\/posts\/17838\/revisions\/17839"}],"wp:featuredmedia":[{"embeddable":true,"href":"https:\/\/diariodigitalmx.com\/index.php\/wp-json\/wp\/v2\/media\/17840"}],"wp:attachment":[{"href":"https:\/\/diariodigitalmx.com\/index.php\/wp-json\/wp\/v2\/media?parent=17838"}],"wp:term":[{"taxonomy":"category","embeddable":true,"href":"https:\/\/diariodigitalmx.com\/index.php\/wp-json\/wp\/v2\/categories?post=17838"},{"taxonomy":"post_tag","embeddable":true,"href":"https:\/\/diariodigitalmx.com\/index.php\/wp-json\/wp\/v2\/tags?post=17838"}],"curies":[{"name":"wp","href":"https:\/\/api.w.org\/{rel}","templated":true}]}}