{"id":17856,"date":"2019-11-28T14:44:55","date_gmt":"2019-11-28T20:44:55","guid":{"rendered":"http:\/\/diariodigitalmx.com\/?p=17856"},"modified":"2019-11-28T14:47:38","modified_gmt":"2019-11-28T20:47:38","slug":"dice-barbara-del-regil-que-son-obesos-los-que-la-critican","status":"publish","type":"post","link":"https:\/\/diariodigitalmx.com\/index.php\/2019\/11\/28\/dice-barbara-del-regil-que-son-obesos-los-que-la-critican\/","title":{"rendered":"Dice B\u00e1rbara del Regil que son obesos los que la critican"},"content":{"rendered":"\n<p>La\nactriz&nbsp;<strong>B\u00e1rbara\ndel Regil<\/strong>, quien ha estado en medio de\nla pol\u00e9mica tras ser duramente criticada por los usuarios de Internet por sus\ndeclaraciones y por un video que circul\u00f3 en el que se observan sus cambios\nf\u00edsicos.<\/p>\n\n\n\n<p>Una revista de espect\u00e1culos entrevist\u00f3 a la actriz, quien protagoniza la telenovela de Rosario Tijeras, y le pregunt\u00f3 respecto a sus detractores que la han se\u00f1alado porque su hijo de 15 a\u00f1os adopt\u00f3 el mismo estilo de vida saludable que el de ella, a lo que la actriz respondi\u00f3 que los que la critican son \u201cgente t\u00f3xica, obesa\u201d.<\/p>\n\n\n\n<figure class=\"wp-block-image\"><img loading=\"lazy\" decoding=\"async\" width=\"1024\" height=\"1019\" src=\"http:\/\/diariodigitalmx.com\/wp-content\/uploads\/2019\/11\/B\u00e1rbara-1024x1019.png\" alt=\"\" class=\"wp-image-17860\" srcset=\"https:\/\/diariodigitalmx.com\/wp-content\/uploads\/2019\/11\/B\u00e1rbara-1024x1019.png 1024w, https:\/\/diariodigitalmx.com\/wp-content\/uploads\/2019\/11\/B\u00e1rbara-150x150.png 150w, https:\/\/diariodigitalmx.com\/wp-content\/uploads\/2019\/11\/B\u00e1rbara-300x300.png 300w, https:\/\/diariodigitalmx.com\/wp-content\/uploads\/2019\/11\/B\u00e1rbara-768x764.png 768w, https:\/\/diariodigitalmx.com\/wp-content\/uploads\/2019\/11\/B\u00e1rbara.png 1208w\" sizes=\"(max-width: 1024px) 100vw, 1024px\" \/><\/figure>\n\n\n\n<p>\u201cMira,\nsi hay personas que me critican es porque es&nbsp;<a href=\"https:\/\/www.tvnotas.com.mx\/noticias-espectaculos-mexico\/los-que-me-critican-son-gente-obesa-barbara-de-regil\"><strong>gente t\u00f3xica, obesa, que nunca hizo ejercicio<\/strong>&nbsp;<\/a>y que no tuvo una mam\u00e1 amorosa que las\ncuidara\u201d, dijo B\u00e1rbara del Regil a la revista.<\/p>\n\n\n\n<p>Asimismo,\nla actriz mencion\u00f3 que recibe las cr\u00edticas de parte de \u201clas mam\u00e1s que no cuidan\nque sus hijas hagan ejercicio y coman sano, como yo s\u00ed lo hago con Alexa\u201d.<\/p>\n\n\n\n<p>B\u00e1rbara del Regil dijo sentirse orgullosa de que su. Hija haya optado por una vida sana en lugar de pensar en fiestas como los j\u00f3venes de esa edad.\u00a0\u00a0\u201cMe da gusto que a sus 15 a\u00f1os Alexa haya cambiado su estilo de vida porque a esa edad s\u00f3lo piensan en fiestas y en el alcohol\u201d, dijo.<\/p>\n\n\n\n<figure class=\"wp-block-image\"><img loading=\"lazy\" decoding=\"async\" width=\"696\" height=\"464\" src=\"http:\/\/diariodigitalmx.com\/wp-content\/uploads\/2019\/11\/B\u00e1rbara-del-Regil.jpg\" alt=\"\" class=\"wp-image-17863\" srcset=\"https:\/\/diariodigitalmx.com\/wp-content\/uploads\/2019\/11\/B\u00e1rbara-del-Regil.jpg 696w, https:\/\/diariodigitalmx.com\/wp-content\/uploads\/2019\/11\/B\u00e1rbara-del-Regil-300x200.jpg 300w\" sizes=\"(max-width: 696px) 100vw, 696px\" \/><\/figure>\n\n\n\n<p>La actriz se volvi\u00f3 tendencia en las redes desde que public\u00f3 unas historias de Instagram en donde dec\u00eda que las j\u00f3venes se destruyen por irse de fiesta y tomarse 25 vodkas y al d\u00eda siguiente comer unos tacos fritos. Los usuarios no le perdonaron estos comentarios y se lanzaron contra ella.<\/p>\n\n\n\n<p>Despu\u00e9s se dio a conocer un video en el que se\u00f1alan c\u00f3mo luc\u00eda B\u00e1rbara del Regil antes de su vida&nbsp;<strong>fitness<\/strong>, a lo que los usuarios la se\u00f1alaron por haberse hecho cirug\u00edas, pues se\u00f1alan que en la grabaci\u00f3n se ve irreconocible.<\/p>\n","protected":false},"excerpt":{"rendered":"<p>La actriz&nbsp;B\u00e1rbara del Regil, quien ha estado en medio de la pol\u00e9mica tras ser duramente criticada por los usuarios de Internet por sus declaraciones y por un video que circul\u00f3 en el que se observan sus cambios f\u00edsicos. Una revista de espect\u00e1culos entrevist\u00f3 a la actriz, quien protagoniza la telenovela de Rosario Tijeras, y le [&hellip;]<\/p>\n","protected":false},"author":1,"featured_media":17858,"comment_status":"open","ping_status":"open","sticky":true,"template":"","format":"standard","meta":{"footnotes":""},"categories":[9,5],"tags":[],"_links":{"self":[{"href":"https:\/\/diariodigitalmx.com\/index.php\/wp-json\/wp\/v2\/posts\/17856"}],"collection":[{"href":"https:\/\/diariodigitalmx.com\/index.php\/wp-json\/wp\/v2\/posts"}],"about":[{"href":"https:\/\/diariodigitalmx.com\/index.php\/wp-json\/wp\/v2\/types\/post"}],"author":[{"embeddable":true,"href":"https:\/\/diariodigitalmx.com\/index.php\/wp-json\/wp\/v2\/users\/1"}],"replies":[{"embeddable":true,"href":"https:\/\/diariodigitalmx.com\/index.php\/wp-json\/wp\/v2\/comments?post=17856"}],"version-history":[{"count":3,"href":"https:\/\/diariodigitalmx.com\/index.php\/wp-json\/wp\/v2\/posts\/17856\/revisions"}],"predecessor-version":[{"id":17864,"href":"https:\/\/diariodigitalmx.com\/index.php\/wp-json\/wp\/v2\/posts\/17856\/revisions\/17864"}],"wp:featuredmedia":[{"embeddable":true,"href":"https:\/\/diariodigitalmx.com\/index.php\/wp-json\/wp\/v2\/media\/17858"}],"wp:attachment":[{"href":"https:\/\/diariodigitalmx.com\/index.php\/wp-json\/wp\/v2\/media?parent=17856"}],"wp:term":[{"taxonomy":"category","embeddable":true,"href":"https:\/\/diariodigitalmx.com\/index.php\/wp-json\/wp\/v2\/categories?post=17856"},{"taxonomy":"post_tag","embeddable":true,"href":"https:\/\/diariodigitalmx.com\/index.php\/wp-json\/wp\/v2\/tags?post=17856"}],"curies":[{"name":"wp","href":"https:\/\/api.w.org\/{rel}","templated":true}]}}