{"id":17866,"date":"2019-11-28T14:53:05","date_gmt":"2019-11-28T20:53:05","guid":{"rendered":"http:\/\/diariodigitalmx.com\/?p=17866"},"modified":"2019-11-28T14:53:43","modified_gmt":"2019-11-28T20:53:43","slug":"adios-a-los-simpson","status":"publish","type":"post","link":"https:\/\/diariodigitalmx.com\/index.php\/2019\/11\/28\/adios-a-los-simpson\/","title":{"rendered":"Adi\u00f3s a Los Simpson"},"content":{"rendered":"\n<p>Despu\u00e9s de m\u00e1s de 30\ntemporadas al aire, \u2018<strong>Los Simpson<\/strong>\u2018 una de\nlas series televisivas m\u00e1s reconocidas del mundo, estar\u00edan cerca de su final,\nseg\u00fan lo declarado recientemente por el m\u00fasico&nbsp;<strong>Danny Elfman<\/strong>,\ncompositor de la serie, quien asegura que los responsables (<a href=\"https:\/\/twitter.com\/Disney\"><strong>Disney<\/strong><\/a>)\nya estar\u00edan pensando en terminarla.<\/p>\n\n\n\n<p>En una\nentrevista reciente,&nbsp;<strong>Elfman<\/strong>&nbsp;asegur\u00f3\nque ha escuchado de buenas fuentes que el show est\u00e1 llegando a su fin, por lo\nque le restan s\u00f3lo unos episodios antes de su&nbsp;<strong>cancelaci\u00f3n<\/strong>. Para ser\nprecisos, se\u00f1ala que el show de la familia amarilla se encuentra en su \u00faltimo\na\u00f1o.<\/p>\n\n\n\n<p>Se cree que el mencionado final podr\u00eda realizarse el pr\u00f3ximo a\u00f1o 2021, esto debido a que el show anunci\u00f3 su\u00a0<strong>Temporada 32<\/strong>; actualmente se est\u00e1 emitiendo la temporada 31 en Canal Fox, por lo tanto, la \u00faltima temporada se llevar\u00eda a cabo entre 2020 y 2021.<\/p>\n\n\n\n<figure class=\"wp-block-image\"><img loading=\"lazy\" decoding=\"async\" width=\"433\" height=\"392\" src=\"http:\/\/diariodigitalmx.com\/wp-content\/uploads\/2019\/11\/Adios-Simpson.jpg\" alt=\"\" class=\"wp-image-17869\" srcset=\"https:\/\/diariodigitalmx.com\/wp-content\/uploads\/2019\/11\/Adios-Simpson.jpg 433w, https:\/\/diariodigitalmx.com\/wp-content\/uploads\/2019\/11\/Adios-Simpson-300x272.jpg 300w\" sizes=\"(max-width: 433px) 100vw, 433px\" \/><\/figure>\n\n\n\n<p><strong>El fin de una era<\/strong><\/p>\n\n\n\n<p><strong>Los Simpson<\/strong>&nbsp;marcaron a varias generaciones en todo el\nmundo, con sus atrevidos di\u00e1logos pol\u00edticos, guiones originales, estrellas&nbsp;<strong>\u201csimpsonizadas\u201d&nbsp;<\/strong>como&nbsp;<strong>Lady\nGaga, Barry White, Michael Jackson, Rolling Stones, Blink 182&nbsp;<\/strong>e&nbsp;iconos\ndel deporte como&nbsp;<strong>Cristiano Ronaldo, Pel\u00e9, Dan Marino, Mohamed\nAli,&nbsp;<\/strong>entre otros.<\/p>\n\n\n\n<p>La familia m\u00e1s famosa de la televisi\u00f3n tambi\u00e9n ha sido reconocida por sus diferentes intros de cada cap\u00edtulo.<\/p>\n\n\n\n<figure class=\"wp-block-image\"><img loading=\"lazy\" decoding=\"async\" width=\"696\" height=\"376\" src=\"http:\/\/diariodigitalmx.com\/wp-content\/uploads\/2019\/11\/Los-Simpson.jpg\" alt=\"\" class=\"wp-image-17871\" srcset=\"https:\/\/diariodigitalmx.com\/wp-content\/uploads\/2019\/11\/Los-Simpson.jpg 696w, https:\/\/diariodigitalmx.com\/wp-content\/uploads\/2019\/11\/Los-Simpson-300x162.jpg 300w\" sizes=\"(max-width: 696px) 100vw, 696px\" \/><\/figure>\n\n\n\n<p><strong>Los Simpson y el futuro<\/strong><\/p>\n\n\n\n<p>Y ni hablar de las predicciones que\nhan hecho en la historia mundial como la ca\u00edda de las&nbsp;<strong>Torres\nGemelas&nbsp;<\/strong>en el cap\u00edtulo en el episodio&nbsp;<strong>\u201cMarge contra\nel&nbsp;monorriel\u201d<\/strong>, se puede ver unos segundos un cuadro en el que se\naprecian las torres en llamas y un avi\u00f3n sobrevolando el lugar, sin saber que\na\u00f1os m\u00e1s tarde dos aviones derribar\u00edan las torres del WTC de Nueva York.<\/p>\n\n\n\n<p>Por otra parte, muchos fans de la serie, ya\nopinaban que su \u00e9poca hab\u00eda pasado y que los cap\u00edtulos hab\u00edan perdido la esencia\nque caracterizaba a la caricatura producida por Matt Groening, deseando el\nfinal de la misma.<\/p>\n","protected":false},"excerpt":{"rendered":"<p>Despu\u00e9s de m\u00e1s de 30 temporadas al aire, \u2018Los Simpson\u2018 una de las series televisivas m\u00e1s reconocidas del mundo, estar\u00edan cerca de su final, seg\u00fan lo declarado recientemente por el m\u00fasico&nbsp;Danny Elfman, compositor de la serie, quien asegura que los responsables (Disney) ya estar\u00edan pensando en terminarla. En una entrevista reciente,&nbsp;Elfman&nbsp;asegur\u00f3 que ha escuchado de [&hellip;]<\/p>\n","protected":false},"author":1,"featured_media":17867,"comment_status":"open","ping_status":"open","sticky":true,"template":"","format":"standard","meta":{"footnotes":""},"categories":[9,5],"tags":[],"_links":{"self":[{"href":"https:\/\/diariodigitalmx.com\/index.php\/wp-json\/wp\/v2\/posts\/17866"}],"collection":[{"href":"https:\/\/diariodigitalmx.com\/index.php\/wp-json\/wp\/v2\/posts"}],"about":[{"href":"https:\/\/diariodigitalmx.com\/index.php\/wp-json\/wp\/v2\/types\/post"}],"author":[{"embeddable":true,"href":"https:\/\/diariodigitalmx.com\/index.php\/wp-json\/wp\/v2\/users\/1"}],"replies":[{"embeddable":true,"href":"https:\/\/diariodigitalmx.com\/index.php\/wp-json\/wp\/v2\/comments?post=17866"}],"version-history":[{"count":3,"href":"https:\/\/diariodigitalmx.com\/index.php\/wp-json\/wp\/v2\/posts\/17866\/revisions"}],"predecessor-version":[{"id":17872,"href":"https:\/\/diariodigitalmx.com\/index.php\/wp-json\/wp\/v2\/posts\/17866\/revisions\/17872"}],"wp:featuredmedia":[{"embeddable":true,"href":"https:\/\/diariodigitalmx.com\/index.php\/wp-json\/wp\/v2\/media\/17867"}],"wp:attachment":[{"href":"https:\/\/diariodigitalmx.com\/index.php\/wp-json\/wp\/v2\/media?parent=17866"}],"wp:term":[{"taxonomy":"category","embeddable":true,"href":"https:\/\/diariodigitalmx.com\/index.php\/wp-json\/wp\/v2\/categories?post=17866"},{"taxonomy":"post_tag","embeddable":true,"href":"https:\/\/diariodigitalmx.com\/index.php\/wp-json\/wp\/v2\/tags?post=17866"}],"curies":[{"name":"wp","href":"https:\/\/api.w.org\/{rel}","templated":true}]}}