{"id":17882,"date":"2019-11-28T17:03:08","date_gmt":"2019-11-28T23:03:08","guid":{"rendered":"http:\/\/diariodigitalmx.com\/?p=17882"},"modified":"2019-11-28T17:07:32","modified_gmt":"2019-11-28T23:07:32","slug":"17882","status":"publish","type":"post","link":"https:\/\/diariodigitalmx.com\/index.php\/2019\/11\/28\/17882\/","title":{"rendered":"Primero el equipo y luego las metas personales"},"content":{"rendered":"\n<p><strong>-Afirma Edgar \u201cTorrez\u201d Gonz\u00e1lez antes que pensar &nbsp;en el t\u00edtulo de MVP, &nbsp;est\u00e1 el lograr el campeonato con el Monterrey Flash.<\/strong><br><\/p>\n\n\n\n<p>Por: Ra\u00fal E. Guevara Ortiz\/Prensa Mty. Flash.- Luego de su extraordinario inicio de campa\u00f1a con una cuota goleadora de 7 anotaciones en dos partidos que lo lleva a colocarse en el liderato de puntos, que le vali\u00f3 la designaci\u00f3n integrante del <strong>equipo de la semana<\/strong> de la Major Arena Soccer League, para Edgar \u201cTorrez\u201d Gonz\u00e1lez &nbsp;es m\u00e1s importante trabajar para el campeonato del Monterrey Flash ya que los logros personales llegar\u00e1n solos.<br><\/p>\n\n\n\n<p>\u201cEstoy motivado, quiero conseguir un logr\u00f3 con el Flash, que es el campeonato, entonces estamos trabajado para eso, siempre he dicho que los premios individuales llegan solos, uno trabaja para el equipo, si se da pues que felicidad y que alegr\u00eda\u201d, dijo el &nbsp;delantero &nbsp;de la escuadra mexicana.<\/p>\n\n\n\n<p><br><\/p>\n\n\n\n<ul class=\"wp-block-gallery columns-1 is-cropped wp-block-gallery-1 is-layout-flex wp-block-gallery-is-layout-flex\"><li class=\"blocks-gallery-item\"><figure><img loading=\"lazy\" decoding=\"async\" width=\"683\" height=\"1024\" src=\"http:\/\/diariodigitalmx.com\/wp-content\/uploads\/2019\/11\/IMG_0124-683x1024.jpg\" alt=\"\" data-id=\"17888\" data-link=\"http:\/\/diariodigitalmx.com\/index.php\/2019\/11\/28\/17882\/img_0124-2\/\" class=\"wp-image-17888\" srcset=\"https:\/\/diariodigitalmx.com\/wp-content\/uploads\/2019\/11\/IMG_0124-683x1024.jpg 683w, https:\/\/diariodigitalmx.com\/wp-content\/uploads\/2019\/11\/IMG_0124-200x300.jpg 200w, https:\/\/diariodigitalmx.com\/wp-content\/uploads\/2019\/11\/IMG_0124-768x1152.jpg 768w\" sizes=\"(max-width: 683px) 100vw, 683px\" \/><\/figure><\/li><\/ul>\n\n\n\n<p>Entrevistado durante el entrenamiento matutino en las instalaciones de la Liga Casa Bella, \u201cTorrez\u201d Gonz\u00e1lez, originario de la ciudad de Torre\u00f3n, Coahuila y surgido de las fuerzas b\u00e1sicas de los Rayados del Monterrey, quien durante la temporada 2018- 2019 anotara para su equipo un total de 24 goles en 22 partidos &nbsp;y 4 dentro de los playoff y en la 2017-2018 fuera designado el Novato del A\u00f1o, &nbsp;manifest\u00f3 durante el presente torneo tratar\u00e1 de dar &nbsp;lo mejor de s\u00ed mismo para aportar lograr lo m\u00e1ximo para el Flash.<br><\/p>\n\n\n\n<p>\u201cVamos a dar mucha entrega, lucha, trabajo para mejorar y aportar la mayor cantidad de goles a mis compa\u00f1eros, pero lo m\u00e1s importante es sacar los resultados\u201d.<\/p>\n\n\n\n<p><br><\/p>\n\n\n\n<ul class=\"wp-block-gallery columns-1 is-cropped wp-block-gallery-2 is-layout-flex wp-block-gallery-is-layout-flex\"><li class=\"blocks-gallery-item\"><figure><img loading=\"lazy\" decoding=\"async\" width=\"1024\" height=\"683\" src=\"http:\/\/diariodigitalmx.com\/wp-content\/uploads\/2019\/11\/IMG_2962-1024x683.jpg\" alt=\"\" data-id=\"17891\" data-link=\"http:\/\/diariodigitalmx.com\/index.php\/2019\/11\/28\/17882\/img_2962\/\" class=\"wp-image-17891\" srcset=\"https:\/\/diariodigitalmx.com\/wp-content\/uploads\/2019\/11\/IMG_2962-1024x683.jpg 1024w, https:\/\/diariodigitalmx.com\/wp-content\/uploads\/2019\/11\/IMG_2962-300x200.jpg 300w, https:\/\/diariodigitalmx.com\/wp-content\/uploads\/2019\/11\/IMG_2962-768x512.jpg 768w\" sizes=\"(max-width: 1024px) 100vw, 1024px\" \/><\/figure><\/li><\/ul>\n\n\n\n<p>Gracias a sus 4 goles anotados en el primer juego de la temporada &nbsp;a los Soles de Sonora como visitante y los tres m\u00e1s &nbsp;a la misma escuadra en su reciente visita a la segunda jornada adem\u00e1s de las 2 asistencias, Edgar Gonz\u00e1lez recibi\u00f3 la distinci\u00f3n de ser integrado en la Selecci\u00f3n del Equipo de la Semana, adem\u00e1s de ser tambi\u00e9n nombrado como uno el &nbsp;L\u00cdDER EN PUNTOS, designaci\u00f3n que la Major Arena Soccer League realiza a los jugadores m\u00e1s destacados de la jornada en diferentes posiciones, tal como fue el caso de los Marco Antonio Tovar y Roberto Escalante &nbsp;tambi\u00e9n jugadores del Monterrey Flash, nombrados como L\u00cdDERES DE BLOQUEOS con 5 y 4 respectivamente.<br><\/p>\n\n\n\n<p>\u201cEl equipo est\u00e1 bien fuerte, estamos para pelear y llegar a la final, pero lo que es lo m\u00e1s importante\u2026ganarla\u201d, coment\u00f3 el delantero mexicano quien invit\u00f3 a toda la afici\u00f3n a sumarse a la \u201cPasi\u00f3n Flash\u201d este lunes 2 de diciembre, cuando en punto de las 20:05 horas enfrente a la escuadra del Dallas Sidekicks, un equipo de gran tradici\u00f3n en el f\u00fatbol r\u00e1pido profesional con el que se tiene una fuerte rivalidad deportiva.<\/p>\n\n\n\n<p><br>\u201cNosotros sabemos lo que significa el Dallas, es un equipo de renombre en la liga, sabemos que todos los partidos con ellos son complicados, pero nosotros trabajamos d\u00eda a d\u00eda para enfrentar cada compromiso y sacar un resultado positivo, esta temporada vamos por todo y vamos con todo, los esperamos el lunes a las 8:00 de la noche en la Arena Monterrey\u201d, concluy\u00f3 Edgar Gonz\u00e1lez.<\/p>\n\n\n\n<ul class=\"wp-block-gallery columns-1 is-cropped wp-block-gallery-3 is-layout-flex wp-block-gallery-is-layout-flex\"><li class=\"blocks-gallery-item\"><figure><img loading=\"lazy\" decoding=\"async\" width=\"1024\" height=\"683\" src=\"http:\/\/diariodigitalmx.com\/wp-content\/uploads\/2019\/11\/IMG_2967-1024x683.jpg\" alt=\"\" data-id=\"17893\" data-link=\"http:\/\/diariodigitalmx.com\/index.php\/2019\/11\/28\/17882\/img_2967\/\" class=\"wp-image-17893\" srcset=\"https:\/\/diariodigitalmx.com\/wp-content\/uploads\/2019\/11\/IMG_2967-1024x683.jpg 1024w, https:\/\/diariodigitalmx.com\/wp-content\/uploads\/2019\/11\/IMG_2967-300x200.jpg 300w, https:\/\/diariodigitalmx.com\/wp-content\/uploads\/2019\/11\/IMG_2967-768x512.jpg 768w\" sizes=\"(max-width: 1024px) 100vw, 1024px\" \/><\/figure><\/li><\/ul>\n","protected":false},"excerpt":{"rendered":"<p>-Afirma Edgar \u201cTorrez\u201d Gonz\u00e1lez antes que pensar &nbsp;en el t\u00edtulo de MVP, &nbsp;est\u00e1 el lograr el campeonato con el Monterrey Flash. Por: Ra\u00fal E. Guevara Ortiz\/Prensa Mty. Flash.- Luego de su extraordinario inicio de campa\u00f1a con una cuota goleadora de 7 anotaciones en dos partidos que lo lleva a colocarse en el liderato de puntos, [&hellip;]<\/p>\n","protected":false},"author":1,"featured_media":17886,"comment_status":"open","ping_status":"open","sticky":true,"template":"","format":"standard","meta":{"footnotes":""},"categories":[8,5],"tags":[],"_links":{"self":[{"href":"https:\/\/diariodigitalmx.com\/index.php\/wp-json\/wp\/v2\/posts\/17882"}],"collection":[{"href":"https:\/\/diariodigitalmx.com\/index.php\/wp-json\/wp\/v2\/posts"}],"about":[{"href":"https:\/\/diariodigitalmx.com\/index.php\/wp-json\/wp\/v2\/types\/post"}],"author":[{"embeddable":true,"href":"https:\/\/diariodigitalmx.com\/index.php\/wp-json\/wp\/v2\/users\/1"}],"replies":[{"embeddable":true,"href":"https:\/\/diariodigitalmx.com\/index.php\/wp-json\/wp\/v2\/comments?post=17882"}],"version-history":[{"count":5,"href":"https:\/\/diariodigitalmx.com\/index.php\/wp-json\/wp\/v2\/posts\/17882\/revisions"}],"predecessor-version":[{"id":17895,"href":"https:\/\/diariodigitalmx.com\/index.php\/wp-json\/wp\/v2\/posts\/17882\/revisions\/17895"}],"wp:featuredmedia":[{"embeddable":true,"href":"https:\/\/diariodigitalmx.com\/index.php\/wp-json\/wp\/v2\/media\/17886"}],"wp:attachment":[{"href":"https:\/\/diariodigitalmx.com\/index.php\/wp-json\/wp\/v2\/media?parent=17882"}],"wp:term":[{"taxonomy":"category","embeddable":true,"href":"https:\/\/diariodigitalmx.com\/index.php\/wp-json\/wp\/v2\/categories?post=17882"},{"taxonomy":"post_tag","embeddable":true,"href":"https:\/\/diariodigitalmx.com\/index.php\/wp-json\/wp\/v2\/tags?post=17882"}],"curies":[{"name":"wp","href":"https:\/\/api.w.org\/{rel}","templated":true}]}}