{"id":17947,"date":"2019-11-29T09:03:07","date_gmt":"2019-11-29T15:03:07","guid":{"rendered":"http:\/\/diariodigitalmx.com\/?p=17947"},"modified":"2019-11-29T09:04:17","modified_gmt":"2019-11-29T15:04:17","slug":"fiscal-de-eu","status":"publish","type":"post","link":"https:\/\/diariodigitalmx.com\/index.php\/2019\/11\/29\/fiscal-de-eu\/","title":{"rendered":"Fiscal de EU vendr\u00e1 a M\u00e9xico; la intenci\u00f3n es nombrar terroristas a narcos"},"content":{"rendered":"\n<p>El secretario de Relaciones Exteriores, Marcelo Ebrard, anunci\u00f3 que la pr\u00f3xima semana se llevar\u00e1 a cabo una reuni\u00f3n de alto nivel en M\u00e9xico con funcionarios de EU, encabezados por el fiscal general, William Barr, para tratar la intenci\u00f3n del presidente Donald Trump de designar a los c\u00e1rteles mexicanos como grupos terroristas e impulsar la cooperaci\u00f3n&nbsp; en el combate del tr\u00e1fico de armas y el trasiego de drogas que afecta a ambos pa\u00edses.<\/p>\n\n\n\n<p>\u201cEl presidente L\u00f3pez Obrador me instruy\u00f3 a establecer contacto con el departamento de Estado de EU para convenir la semana entrante una &nbsp;reuni\u00f3n de alto nivel con el procurador de EU, para que esta reuni\u00f3n sea en M\u00e9xico, ello dar\u00eda cuenta que podemos apuntalar la relaci\u00f3n basada en el respeto. &nbsp;Afortunadamente la respuesta ha sido positiva\u201d, dijo durante la conferencia ma\u00f1anera<\/p>\n","protected":false},"excerpt":{"rendered":"<p>El secretario de Relaciones Exteriores, Marcelo Ebrard, anunci\u00f3 que la pr\u00f3xima semana se llevar\u00e1 a cabo una reuni\u00f3n de alto nivel en M\u00e9xico con funcionarios de EU, encabezados por el fiscal general, William Barr, para tratar la intenci\u00f3n del presidente Donald Trump de designar a los c\u00e1rteles mexicanos como grupos terroristas e impulsar la cooperaci\u00f3n&nbsp; [&hellip;]<\/p>\n","protected":false},"author":1,"featured_media":17951,"comment_status":"open","ping_status":"open","sticky":false,"template":"","format":"standard","meta":{"footnotes":""},"categories":[2,5],"tags":[],"_links":{"self":[{"href":"https:\/\/diariodigitalmx.com\/index.php\/wp-json\/wp\/v2\/posts\/17947"}],"collection":[{"href":"https:\/\/diariodigitalmx.com\/index.php\/wp-json\/wp\/v2\/posts"}],"about":[{"href":"https:\/\/diariodigitalmx.com\/index.php\/wp-json\/wp\/v2\/types\/post"}],"author":[{"embeddable":true,"href":"https:\/\/diariodigitalmx.com\/index.php\/wp-json\/wp\/v2\/users\/1"}],"replies":[{"embeddable":true,"href":"https:\/\/diariodigitalmx.com\/index.php\/wp-json\/wp\/v2\/comments?post=17947"}],"version-history":[{"count":2,"href":"https:\/\/diariodigitalmx.com\/index.php\/wp-json\/wp\/v2\/posts\/17947\/revisions"}],"predecessor-version":[{"id":17949,"href":"https:\/\/diariodigitalmx.com\/index.php\/wp-json\/wp\/v2\/posts\/17947\/revisions\/17949"}],"wp:featuredmedia":[{"embeddable":true,"href":"https:\/\/diariodigitalmx.com\/index.php\/wp-json\/wp\/v2\/media\/17951"}],"wp:attachment":[{"href":"https:\/\/diariodigitalmx.com\/index.php\/wp-json\/wp\/v2\/media?parent=17947"}],"wp:term":[{"taxonomy":"category","embeddable":true,"href":"https:\/\/diariodigitalmx.com\/index.php\/wp-json\/wp\/v2\/categories?post=17947"},{"taxonomy":"post_tag","embeddable":true,"href":"https:\/\/diariodigitalmx.com\/index.php\/wp-json\/wp\/v2\/tags?post=17947"}],"curies":[{"name":"wp","href":"https:\/\/api.w.org\/{rel}","templated":true}]}}