{"id":17973,"date":"2019-11-29T13:43:55","date_gmt":"2019-11-29T19:43:55","guid":{"rendered":"http:\/\/diariodigitalmx.com\/?p=17973"},"modified":"2019-11-29T13:46:14","modified_gmt":"2019-11-29T19:46:14","slug":"17973","status":"publish","type":"post","link":"https:\/\/diariodigitalmx.com\/index.php\/2019\/11\/29\/17973\/","title":{"rendered":"Marcha mujeres y exigen justicia en caso de asesinato de Abril"},"content":{"rendered":"\n<p>Jessica Leal<\/p>\n\n\n\n<p>Garza Garc\u00eda, N. L- En una marcha pac\u00edfica, un grupo de mujeres demand\u00f3 justicia para esclarecer los hechos en que fue asesinada en la Ciudad de M\u00e9xico, la regiomontana Abril P\u00e9rez.<br><\/p>\n\n\n\n<p>Integrantes de la asociaci\u00f3n civil Venumia, que brinda apoyo legal y psicol\u00f3gico a mujeres violentadas, organizaron la manifestaci\u00f3n&nbsp; que fue apoyada por la familia y amigas de Abril y marcharon por las calles e esta poblaci\u00f3n metropolitana.<\/p>\n\n\n\n<figure class=\"wp-block-image\"><img loading=\"lazy\" decoding=\"async\" width=\"527\" height=\"352\" src=\"http:\/\/diariodigitalmx.com\/wp-content\/uploads\/2019\/11\/84806782.jpg\" alt=\"\" class=\"wp-image-17978\" srcset=\"https:\/\/diariodigitalmx.com\/wp-content\/uploads\/2019\/11\/84806782.jpg 527w, https:\/\/diariodigitalmx.com\/wp-content\/uploads\/2019\/11\/84806782-300x200.jpg 300w\" sizes=\"(max-width: 527px) 100vw, 527px\" \/><\/figure>\n\n\n\n<p><\/p>\n\n\n\n<p>&#8220;Para nosotros es muy valioso que todo Nuevo Le\u00f3n, el pa\u00eds y el mundo se d\u00e9 cuenta que las mujeres de Nuevo Le\u00f3n no nos vamos a quedar calladas y que el prop\u00f3sito que ten\u00eda Abril se va a llevar a cabo&#8221;, dijo Rosaura Guerra quien fund\u00f3 la organizaci\u00f3n.<br><\/p>\n\n\n\n<p>&#8220;Vamos a seguir exigiendo que la autoridad haga lo que debe ser conforme a derecho, y que el Estado le d\u00e9 la protecci\u00f3n a la mujer que necesita y reclama, no vamos a permitir una m\u00e1s, ni m\u00e1s casos de corrupci\u00f3n&#8221;, advirti\u00f3.<br><\/p>\n\n\n\n<p>La protesta fue silenciosa&nbsp;por las omisiones de autoridades y el asesinato de Abril P\u00e9rez Saga\u00f3n el lunes pasado.<br><\/p>\n\n\n\n<p>El contingente silencioso inici\u00f3 en R\u00edo Missouri, recorri\u00f3 G\u00f3mez Mor\u00edn y la lateral de Calzada del Valle y concluy\u00f3 en R\u00edo Rosas. San Pedro de ubica al poniente de la zona metropolitana de Monterrey.<br><\/p>\n\n\n\n<p>Guerra record\u00f3 que&nbsp; hace un par de semanas Abril acudi\u00f3 a comprar unas flores de Nochebuena que vend\u00edan para apoyar a la organizaci\u00f3n y hasta extern\u00f3 su deseo de unirse.<br><\/p>\n\n\n\n<p>Ana P\u00e9rez hermana de Abril inform\u00f3 que la familia aprueba y le gusta que m\u00e1s mujeres se sumen a la defensa de sus derechos y luchen en contra de la violencia.&nbsp;<br><\/p>\n\n\n\n<p>&#8220;Estamos muy contentas por parte de Abril que se est\u00e9n sumando m\u00e1s y m\u00e1s personas para que este caso no quede impune&#8221;.<br><\/p>\n\n\n\n<p>Por lo menos un centenar de mujeres fueron las que realizaron la marcha silenciosa.<\/p>\n\n\n\n<p><\/p>\n\n\n\n<p><\/p>\n\n\n\n<p><\/p>\n","protected":false},"excerpt":{"rendered":"<p>Jessica Leal Garza Garc\u00eda, N. L- En una marcha pac\u00edfica, un grupo de mujeres demand\u00f3 justicia para esclarecer los hechos en que fue asesinada en la Ciudad de M\u00e9xico, la regiomontana Abril P\u00e9rez. Integrantes de la asociaci\u00f3n civil Venumia, que brinda apoyo legal y psicol\u00f3gico a mujeres violentadas, organizaron la manifestaci\u00f3n&nbsp; que fue apoyada por [&hellip;]<\/p>\n","protected":false},"author":1,"featured_media":17977,"comment_status":"open","ping_status":"open","sticky":false,"template":"","format":"standard","meta":{"footnotes":""},"categories":[6,5],"tags":[],"_links":{"self":[{"href":"https:\/\/diariodigitalmx.com\/index.php\/wp-json\/wp\/v2\/posts\/17973"}],"collection":[{"href":"https:\/\/diariodigitalmx.com\/index.php\/wp-json\/wp\/v2\/posts"}],"about":[{"href":"https:\/\/diariodigitalmx.com\/index.php\/wp-json\/wp\/v2\/types\/post"}],"author":[{"embeddable":true,"href":"https:\/\/diariodigitalmx.com\/index.php\/wp-json\/wp\/v2\/users\/1"}],"replies":[{"embeddable":true,"href":"https:\/\/diariodigitalmx.com\/index.php\/wp-json\/wp\/v2\/comments?post=17973"}],"version-history":[{"count":4,"href":"https:\/\/diariodigitalmx.com\/index.php\/wp-json\/wp\/v2\/posts\/17973\/revisions"}],"predecessor-version":[{"id":17981,"href":"https:\/\/diariodigitalmx.com\/index.php\/wp-json\/wp\/v2\/posts\/17973\/revisions\/17981"}],"wp:featuredmedia":[{"embeddable":true,"href":"https:\/\/diariodigitalmx.com\/index.php\/wp-json\/wp\/v2\/media\/17977"}],"wp:attachment":[{"href":"https:\/\/diariodigitalmx.com\/index.php\/wp-json\/wp\/v2\/media?parent=17973"}],"wp:term":[{"taxonomy":"category","embeddable":true,"href":"https:\/\/diariodigitalmx.com\/index.php\/wp-json\/wp\/v2\/categories?post=17973"},{"taxonomy":"post_tag","embeddable":true,"href":"https:\/\/diariodigitalmx.com\/index.php\/wp-json\/wp\/v2\/tags?post=17973"}],"curies":[{"name":"wp","href":"https:\/\/api.w.org\/{rel}","templated":true}]}}