{"id":1802,"date":"2019-04-01T12:25:48","date_gmt":"2019-04-01T18:25:48","guid":{"rendered":"http:\/\/diariodigitalmx.com\/?p=1802"},"modified":"2019-04-01T12:26:28","modified_gmt":"2019-04-01T18:26:28","slug":"rinde-estado-homenaje-a-maria-felix","status":"publish","type":"post","link":"https:\/\/diariodigitalmx.com\/index.php\/2019\/04\/01\/rinde-estado-homenaje-a-maria-felix\/","title":{"rendered":"Rinde Estado homenaje a Mar\u00eda F\u00e9lix"},"content":{"rendered":"\n<p><strong><em>En la sala de cine del Museo de Historia Mexicana, se proyectar\u00e1 una selecci\u00f3n de fragmentos de sus pel\u00edculas m\u00e1s destacadas de la diva mexicana.<\/em><\/strong><\/p>\n\n\n\n<figure class=\"wp-block-image\"><img loading=\"lazy\" decoding=\"async\" width=\"556\" height=\"674\" src=\"http:\/\/diariodigitalmx.com\/wp-content\/uploads\/2019\/04\/DO\u00d1A-BARBARA.jpg\" alt=\"\" class=\"wp-image-1806\" srcset=\"https:\/\/diariodigitalmx.com\/wp-content\/uploads\/2019\/04\/DO\u00d1A-BARBARA.jpg 556w, https:\/\/diariodigitalmx.com\/wp-content\/uploads\/2019\/04\/DO\u00d1A-BARBARA-247x300.jpg 247w\" sizes=\"(max-width: 556px) 100vw, 556px\" \/><\/figure>\n\n\n\n<p>Mar\u00eda F\u00e9lix, uno de los m\u00e1s grandes iconos femeninos del cine nacional, ser\u00e1 recordada en su aniversario con El legado de la diva mexicana&nbsp; a trav\u00e9s de sus pel\u00edculas y vestuario cinematogr\u00e1ficos, el domingo 7 de abril en el Museo de Historia Mexicana y el Museo del Noreste.<\/p>\n\n\n\n<p>Desde su nacimiento el 8 de abril de 1914, hace 105 a\u00f1os, Mar\u00eda de los \u00c1ngeles F\u00e9lix G\u00fcerena, fue poseedora de una belleza inusual, que se magnific\u00f3 en las grandes pantallas cinematogr\u00e1ficas en la \u00e9poca dorada del cine mexicano.<\/p>\n\n\n\n<p>Por primera vez y en \u00fanico d\u00eda, en la sala de cine del Museo de Historia Mexicana, se proyectar\u00e1 una selecci\u00f3n de fragmentos de las pel\u00edculas m\u00e1s destacadas de Mar\u00eda F\u00e9lix, adem\u00e1s un gu\u00eda estar\u00e1 ofreciendo informaci\u00f3n sobre la artista, su vestuario y filmograf\u00eda a los visitantes, desde la apertura del museo hasta su cierre.<\/p>\n\n\n\n<p>Desde el 24 de diciembre del 2018, el espacio dedicado a la \u00c9poca de Oro del cine mexicano exhibe el vestido que Mar\u00eda F\u00e9lix emple\u00f3 en la pel\u00edcula \u201cLa Valentina\u201d, un vestido largo en rosa p\u00e1lido con un fino encaje guipure color blanco y escote ovalado con ribete de chiff\u00f3n que fue dise\u00f1ado por Carlos Ch\u00e1vez y que es propiedad de la Fundaci\u00f3n Mar\u00eda F\u00e9lix.<\/p>\n\n\n\n<p>PEL\u00cdCULAS DE LA DO\u00d1A<\/p>\n\n\n\n<p>Adem\u00e1s de la explicaci\u00f3n en la sala, los visitantes podr\u00e1n disfrutar de las pel\u00edculas m\u00e1s sobresalientes de Mar\u00eda F\u00e9lix en el Auditorio del Museo del Noreste: Do\u00f1a B\u00e1rbara, Enamorada, Maclovia y La Valentina<\/p>\n\n\n\n<p>La pel\u00edcula Do\u00f1a B\u00e1rbara se presentar\u00e1 a las11:00 horas, en ella Mar\u00eda interpreta a una rica terrateniente, quien en su adolescencia fue v\u00edctima de violaci\u00f3n por un grupo de marineros, quienes adem\u00e1s asesinaron a su primer amor. Como consecuencia, a manera de revancha, usa a los hombres para su provecho personal. Sin embargo la presencia del terrateniente Santos Luzardo (Juli\u00e1n Soler) trastoca el entorno de do\u00f1a B\u00e1rbara. La pel\u00edcula fue considerada por la cr\u00edtica mexicana como la mejor de 1943 y a partir de entonces surgi\u00f3 el mito de la \u201cdevoradora de hombres\u201d.<\/p>\n\n\n\n<p>Enamorada se proyectar\u00e1 a las 13:00 horas; transcurre en la Revoluci\u00f3n, las tropas del general Juan Jos\u00e9 Reyes toman la tranquila y conservadora ciudad de Cholula y empieza a confiscar los bienes de los ricos, entre ellos los del padre de Beatriz Pe\u00f1afiel; los protagonistas pasan del desd\u00e9n al amor verdadero. Muchos cr\u00edticos consideran a la pel\u00edcula una de los m\u00e1s bellas del cine nacional por la fotograf\u00eda de Gabriel Figueroa y las actuaciones de Pedro Armend\u00e1riz y Mar\u00eda F\u00e9lix, quien recibi\u00f3 por ella su primer Ariel.<\/p>\n\n\n\n<p>A las 15:00 horas se va a proyectar la pel\u00edcula Maclovia dirigida por Emilio \u201cEl Indio\u201d Fern\u00e1ndez y protagonizada por Mar\u00eda y por Pedro Armend\u00e1riz (Jos\u00e9 Mar\u00eda) quienes se encuentran profundamente enamorados, sin embargo, el sargento Genovevo de la Garza (Carlos L\u00f3pez Moctezuma) desea a Maclovia y est\u00e1 dispuesto a transgredir los usos y costumbres de Janitzio para cumplir sus deseos. La pel\u00edcula fue premiada en el Festival Karlovy Vary, Checoslovaquia, y en el Festival de Bruselas, B\u00e9lgica.<\/p>\n\n\n\n<p>A las 17:00 horas, se presentar\u00e1 La Valentina pel\u00edcula de comedia en tiempos de la Revoluci\u00f3n Mexicana, protagonizada por Valentina (Mar\u00eda F\u00e9lix) una rica hacendada y Genovevo Cruz Garc\u00eda (Eulalio Gonz\u00e1lez \u201cPiporro\u201d) un contrabandista salvado del fusilamiento por el general Luis Benites (Ra\u00fal Meraz) con la condici\u00f3n de que \u201crapte\u201d a Valentina y la lleve a su campamento, en el viaje los personajes discuten constantemente, pero a pesar de ello surge un amor inesperado. Fue filmada en el a\u00f1o 1965, dirigida por el regiomontano Rogelio A. Gonz\u00e1lez y con la fotograf\u00eda de Rosal\u00edo Solano.<\/p>\n\n\n\n<p>La entrada a las proyecciones de cine es gratuita, pero el cupo es limitado, para obtener m\u00e1s informaci\u00f3n, pueden comunicarse al 20339898, visitar la p\u00e1gina&nbsp;<a href=\"http:\/\/www.3museos.com\/\" target=\"_blank\" rel=\"noreferrer noopener\">www.3museos.com<\/a>, o seguirnos en Facebook o twitter en @3museos.<\/p>\n","protected":false},"excerpt":{"rendered":"<p>En la sala de cine del Museo de Historia Mexicana, se proyectar\u00e1 una selecci\u00f3n de fragmentos de sus pel\u00edculas m\u00e1s destacadas de la diva mexicana. Mar\u00eda F\u00e9lix, uno de los m\u00e1s grandes iconos femeninos del cine nacional, ser\u00e1 recordada en su aniversario con El legado de la diva mexicana&nbsp; a trav\u00e9s de sus pel\u00edculas y [&hellip;]<\/p>\n","protected":false},"author":1,"featured_media":1803,"comment_status":"open","ping_status":"open","sticky":true,"template":"","format":"standard","meta":{"footnotes":""},"categories":[9],"tags":[],"_links":{"self":[{"href":"https:\/\/diariodigitalmx.com\/index.php\/wp-json\/wp\/v2\/posts\/1802"}],"collection":[{"href":"https:\/\/diariodigitalmx.com\/index.php\/wp-json\/wp\/v2\/posts"}],"about":[{"href":"https:\/\/diariodigitalmx.com\/index.php\/wp-json\/wp\/v2\/types\/post"}],"author":[{"embeddable":true,"href":"https:\/\/diariodigitalmx.com\/index.php\/wp-json\/wp\/v2\/users\/1"}],"replies":[{"embeddable":true,"href":"https:\/\/diariodigitalmx.com\/index.php\/wp-json\/wp\/v2\/comments?post=1802"}],"version-history":[{"count":2,"href":"https:\/\/diariodigitalmx.com\/index.php\/wp-json\/wp\/v2\/posts\/1802\/revisions"}],"predecessor-version":[{"id":1807,"href":"https:\/\/diariodigitalmx.com\/index.php\/wp-json\/wp\/v2\/posts\/1802\/revisions\/1807"}],"wp:featuredmedia":[{"embeddable":true,"href":"https:\/\/diariodigitalmx.com\/index.php\/wp-json\/wp\/v2\/media\/1803"}],"wp:attachment":[{"href":"https:\/\/diariodigitalmx.com\/index.php\/wp-json\/wp\/v2\/media?parent=1802"}],"wp:term":[{"taxonomy":"category","embeddable":true,"href":"https:\/\/diariodigitalmx.com\/index.php\/wp-json\/wp\/v2\/categories?post=1802"},{"taxonomy":"post_tag","embeddable":true,"href":"https:\/\/diariodigitalmx.com\/index.php\/wp-json\/wp\/v2\/tags?post=1802"}],"curies":[{"name":"wp","href":"https:\/\/api.w.org\/{rel}","templated":true}]}}