{"id":18058,"date":"2019-11-30T14:40:11","date_gmt":"2019-11-30T20:40:11","guid":{"rendered":"http:\/\/diariodigitalmx.com\/?p=18058"},"modified":"2019-11-30T14:41:07","modified_gmt":"2019-11-30T20:41:07","slug":"por-segunda-ocasion-marchan-mujeres-amigas-y-familiares-de-abril","status":"publish","type":"post","link":"https:\/\/diariodigitalmx.com\/index.php\/2019\/11\/30\/por-segunda-ocasion-marchan-mujeres-amigas-y-familiares-de-abril\/","title":{"rendered":"Por segunda ocasi\u00f3n marchan mujeres, amigas y familiares de Abril"},"content":{"rendered":"\n<p>Jessica Leal<\/p>\n\n\n\n<p>Garza Garc\u00eda, N. L- En silencio, en contra de la violencia a la mujer &nbsp;y en demanda de justicia, por segundo d\u00eda consecutivo salieron a la calle mujeres encabezadas por familiares de Abril P\u00e9rez Saga\u00f3n.<br><\/p>\n\n\n\n<p>En su recorrido portaron pancartas con una cruz morada y la prensa leyendas de &#8220;Ni una m\u00e1s&#8221; y con la imagen de Abril, adem\u00e1s de exigir justicia en el connotado caso.<br><\/p>\n\n\n\n<p>En el contingente estaban Ana, la hermana &nbsp;de Abril y su madre, Mar\u00eda del Socorro Saga\u00f3n.<br><\/p>\n\n\n\n<p>Al igual que el viernes, la asociaci\u00f3n Venumia y amigas de Abril, convocaron tambi\u00e9n a las mujeres que en silencio recorrieron recorrer algunas avenidas de esta poblaci\u00f3n metropolitana entre ellas Avenida Humberto Lobo y Calzada Del Valle, dos de las r\u00faas m\u00e1s significativas.<\/p>\n\n\n\n<figure class=\"wp-block-image\"><img loading=\"lazy\" decoding=\"async\" width=\"338\" height=\"260\" src=\"http:\/\/diariodigitalmx.com\/wp-content\/uploads\/2019\/11\/IMG-20191130-WA0003.jpg\" alt=\"\" class=\"wp-image-18063\" srcset=\"https:\/\/diariodigitalmx.com\/wp-content\/uploads\/2019\/11\/IMG-20191130-WA0003.jpg 338w, https:\/\/diariodigitalmx.com\/wp-content\/uploads\/2019\/11\/IMG-20191130-WA0003-300x231.jpg 300w\" sizes=\"(max-width: 338px) 100vw, 338px\" \/><\/figure>\n\n\n\n<p><br>En esta segunda marcha tambi\u00e9n vistieron con ropa blanca y carteles con mensajes como \u201csomos la voz de Abril\u201d.<br><\/p>\n\n\n\n<p>Ellas partieron del estacionamiento de un centro comercial para realizar un recorrido que encontr\u00f3 eco y apoyo en transe\u00fantes y conductores de veh\u00edculos que sonaron su claxon.<br><br>Con la segunda marcha buscan que se pueda visualizar la grave problem\u00e1tica en materia de violencia familiar de g\u00e9nero y la alta incidencia en feminicidios que en Nuevo Le\u00f3n suman ya 58.<br><br>Durante el recorrido el contingente cont\u00f3 con el apoyo de unidades de tr\u00e1nsito y vialidad del municipio de San Pedro para resguardar la integridad de las mujeres.<br><\/p>\n","protected":false},"excerpt":{"rendered":"<p>Jessica Leal Garza Garc\u00eda, N. L- En silencio, en contra de la violencia a la mujer &nbsp;y en demanda de justicia, por segundo d\u00eda consecutivo salieron a la calle mujeres encabezadas por familiares de Abril P\u00e9rez Saga\u00f3n. En su recorrido portaron pancartas con una cruz morada y la prensa leyendas de &#8220;Ni una m\u00e1s&#8221; y [&hellip;]<\/p>\n","protected":false},"author":1,"featured_media":18060,"comment_status":"open","ping_status":"open","sticky":false,"template":"","format":"standard","meta":{"footnotes":""},"categories":[6,5],"tags":[],"_links":{"self":[{"href":"https:\/\/diariodigitalmx.com\/index.php\/wp-json\/wp\/v2\/posts\/18058"}],"collection":[{"href":"https:\/\/diariodigitalmx.com\/index.php\/wp-json\/wp\/v2\/posts"}],"about":[{"href":"https:\/\/diariodigitalmx.com\/index.php\/wp-json\/wp\/v2\/types\/post"}],"author":[{"embeddable":true,"href":"https:\/\/diariodigitalmx.com\/index.php\/wp-json\/wp\/v2\/users\/1"}],"replies":[{"embeddable":true,"href":"https:\/\/diariodigitalmx.com\/index.php\/wp-json\/wp\/v2\/comments?post=18058"}],"version-history":[{"count":3,"href":"https:\/\/diariodigitalmx.com\/index.php\/wp-json\/wp\/v2\/posts\/18058\/revisions"}],"predecessor-version":[{"id":18064,"href":"https:\/\/diariodigitalmx.com\/index.php\/wp-json\/wp\/v2\/posts\/18058\/revisions\/18064"}],"wp:featuredmedia":[{"embeddable":true,"href":"https:\/\/diariodigitalmx.com\/index.php\/wp-json\/wp\/v2\/media\/18060"}],"wp:attachment":[{"href":"https:\/\/diariodigitalmx.com\/index.php\/wp-json\/wp\/v2\/media?parent=18058"}],"wp:term":[{"taxonomy":"category","embeddable":true,"href":"https:\/\/diariodigitalmx.com\/index.php\/wp-json\/wp\/v2\/categories?post=18058"},{"taxonomy":"post_tag","embeddable":true,"href":"https:\/\/diariodigitalmx.com\/index.php\/wp-json\/wp\/v2\/tags?post=18058"}],"curies":[{"name":"wp","href":"https:\/\/api.w.org\/{rel}","templated":true}]}}