{"id":18065,"date":"2019-11-30T14:42:37","date_gmt":"2019-11-30T20:42:37","guid":{"rendered":"http:\/\/diariodigitalmx.com\/?p=18065"},"modified":"2019-11-30T14:43:12","modified_gmt":"2019-11-30T20:43:12","slug":"politica-y-gente-32","status":"publish","type":"post","link":"https:\/\/diariodigitalmx.com\/index.php\/2019\/11\/30\/politica-y-gente-32\/","title":{"rendered":"Pol\u00edtica y Gente"},"content":{"rendered":"\n<p>Pedro Garc\u00eda Trevi\u00f1o<\/p>\n\n\n\n<p>Y, m\u00e1s o menos cu\u00e1nto tiempo se quedar\u00edan los marines en M\u00e9xico haciendo lo que algunos compatriotas anhelan que haga la bota gringa&#8230;<br>Oye, est\u00e1 jijo&#8230;Por todos lados est\u00e1n jorobando y luego lleg\u00f3 &#8220;Varg\u00fcitas&#8221; con su inveterada cantaleta fregando al Presidente, una declaraci\u00f3n combinada con una hip\u00f3crita conmiseraci\u00f3n hacia nosotros por el brete del populismo.<br>La gente ya vot\u00f3 y ahora hay que aguantar y esperar el d\u00eda de sufragar en la Revocaci\u00f3n de Mandato.<br>Ah\u00ed es donde se&nbsp;va a ver pa\u00b4 d\u00f3nde le damos al tim\u00f3n:<br>AMLO, comes y te vas&#8230;\u00bfo qu\u00e9?<br>Va a ser la gran oportunidad para los opositores a AMLO quien, este domingo, va a ponerse otra vez a prueba en lo referente a las manifestaciones populares porque la oposici\u00f3n de partidos en pleno le armar\u00e1n un acarreo marca diablo, seg\u00fan pron\u00f3sticos, de ellos.<br>Ser\u00e1 un domingo espectacular: opio (Liguilla del f\u00fatbol) y el gran arrastre de los dirigentes de los partidos pol\u00edticos.<br>Lindo d\u00eda, el 1 de diciembre de 2019 para estar en mi &#8220;mi barrera de sol&#8221; (Agust\u00edn Lara) viendo los toros de la pol\u00edtica.<br>-\u00a1Compre su quiniela! \u00a1Compre su quiniela!<br>-\u00a1Soda, cerveza, helada! \u00a1Soda, cerveza, helada!<br>-\u00a1Lonches, lonches!<br>\u00a1Goooool!<\/p>\n","protected":false},"excerpt":{"rendered":"<p>Pedro Garc\u00eda Trevi\u00f1o Y, m\u00e1s o menos cu\u00e1nto tiempo se quedar\u00edan los marines en M\u00e9xico haciendo lo que algunos compatriotas anhelan que haga la bota gringa&#8230;Oye, est\u00e1 jijo&#8230;Por todos lados est\u00e1n jorobando y luego lleg\u00f3 &#8220;Varg\u00fcitas&#8221; con su inveterada cantaleta fregando al Presidente, una declaraci\u00f3n combinada con una hip\u00f3crita conmiseraci\u00f3n hacia nosotros por el brete [&hellip;]<\/p>\n","protected":false},"author":1,"featured_media":18068,"comment_status":"open","ping_status":"open","sticky":false,"template":"","format":"standard","meta":{"footnotes":""},"categories":[12,5],"tags":[],"_links":{"self":[{"href":"https:\/\/diariodigitalmx.com\/index.php\/wp-json\/wp\/v2\/posts\/18065"}],"collection":[{"href":"https:\/\/diariodigitalmx.com\/index.php\/wp-json\/wp\/v2\/posts"}],"about":[{"href":"https:\/\/diariodigitalmx.com\/index.php\/wp-json\/wp\/v2\/types\/post"}],"author":[{"embeddable":true,"href":"https:\/\/diariodigitalmx.com\/index.php\/wp-json\/wp\/v2\/users\/1"}],"replies":[{"embeddable":true,"href":"https:\/\/diariodigitalmx.com\/index.php\/wp-json\/wp\/v2\/comments?post=18065"}],"version-history":[{"count":2,"href":"https:\/\/diariodigitalmx.com\/index.php\/wp-json\/wp\/v2\/posts\/18065\/revisions"}],"predecessor-version":[{"id":18069,"href":"https:\/\/diariodigitalmx.com\/index.php\/wp-json\/wp\/v2\/posts\/18065\/revisions\/18069"}],"wp:featuredmedia":[{"embeddable":true,"href":"https:\/\/diariodigitalmx.com\/index.php\/wp-json\/wp\/v2\/media\/18068"}],"wp:attachment":[{"href":"https:\/\/diariodigitalmx.com\/index.php\/wp-json\/wp\/v2\/media?parent=18065"}],"wp:term":[{"taxonomy":"category","embeddable":true,"href":"https:\/\/diariodigitalmx.com\/index.php\/wp-json\/wp\/v2\/categories?post=18065"},{"taxonomy":"post_tag","embeddable":true,"href":"https:\/\/diariodigitalmx.com\/index.php\/wp-json\/wp\/v2\/tags?post=18065"}],"curies":[{"name":"wp","href":"https:\/\/api.w.org\/{rel}","templated":true}]}}