{"id":1811,"date":"2019-04-01T13:20:57","date_gmt":"2019-04-01T19:20:57","guid":{"rendered":"http:\/\/diariodigitalmx.com\/?p=1811"},"modified":"2019-04-01T13:20:58","modified_gmt":"2019-04-01T19:20:58","slug":"quieren-a-gloria-trevi-para-marcha-de-la-diversidad-esperan-no-se-niegue-a-participar","status":"publish","type":"post","link":"https:\/\/diariodigitalmx.com\/index.php\/2019\/04\/01\/quieren-a-gloria-trevi-para-marcha-de-la-diversidad-esperan-no-se-niegue-a-participar\/","title":{"rendered":"Quieren a Gloria Trevi para marcha de la Diversidad; esperan no se niegue a participar"},"content":{"rendered":"\n<p>David Casas<\/p>\n\n\n\n<p>Monterrey, N. L.- La comunidad L\u00e9sbico- Gay realiz\u00f3 una consulta popular para elegir a quien ser\u00e1 su Gran Mariscal en la Marcha de la Diversidad de Monterrey a realizarse el pr\u00f3ximo uno de junio y Gloria Trevi, la cantante regiomontana super\u00f3 a la cubana Niurka Marcos, por lo que ahora esperan que no se niegue a asistir como sucedi\u00f3 en a\u00f1os anteriores donde les ped\u00edan 800 mil pesos.<\/p>\n\n\n\n<p>\u201cFinaliz\u00f3 la encuesta a la Comunidad LGBTTTIQ de Nuevo Le\u00f3n y gan\u00f3 Gloria Trevi. El punto es que acepte y no se repita lo de los a\u00f1os 2010, 2012 y 2015 en que, primero sus manejadores nos pidieron 800 mil pesos (2010) o que de plano se negara a acudir a la Marcha de la Diversidad de Monterrey\u201d, explican integrantes de esa comunidad.<\/p>\n\n\n\n<p>&nbsp;\u201cEn esta ocasi\u00f3n -a diferencia de los a\u00f1os anteriores en que se le hizo la invitaci\u00f3n directamente- sometimos a una encuesta su participaci\u00f3n como Gran Mariscal al surgir tambi\u00e9n el nombre de Niurka Marcos.&nbsp; Despu\u00e9s de 6 dias, estos son los resultados. \u00bfAceptar\u00e1 Glroia Trevi ser la Gran Mariscal de la 19 Marcha de la Diversidad de Monterrey, siguiendo la tradici\u00f3n de Ericka Alcocer, Regina Orozco, Susana Zabaleta, Astrid Hadad, Myriam Montemayor, Mauricio Martinez, \u00bfDulce, Karla Luna (qepd) &#8230;?\u201d, explica Mario Rodr\u00edguez Platas, uno de los organizadores del evento.<\/p>\n\n\n\n<p>\u201cElla tiene la palabra y, por cuestiones de log\u00edstica de nuestra marcha, s\u00f3lo podemos esperar hasta el jueves 4 de abril su respuesta, ya que es necesario imprimir toda la publicidad\u201d, comenta.<\/p>\n\n\n\n<p>Niurka Marcos&nbsp;llevaba la delantera en la encuesta, pero la ganadora fue&nbsp;Gloria Trevi&nbsp;con un 58 por ciento.<\/p>\n","protected":false},"excerpt":{"rendered":"<p>David Casas Monterrey, N. L.- La comunidad L\u00e9sbico- Gay realiz\u00f3 una consulta popular para elegir a quien ser\u00e1 su Gran Mariscal en la Marcha de la Diversidad de Monterrey a realizarse el pr\u00f3ximo uno de junio y Gloria Trevi, la cantante regiomontana super\u00f3 a la cubana Niurka Marcos, por lo que ahora esperan que no [&hellip;]<\/p>\n","protected":false},"author":1,"featured_media":1812,"comment_status":"open","ping_status":"open","sticky":true,"template":"","format":"standard","meta":{"footnotes":""},"categories":[6],"tags":[],"_links":{"self":[{"href":"https:\/\/diariodigitalmx.com\/index.php\/wp-json\/wp\/v2\/posts\/1811"}],"collection":[{"href":"https:\/\/diariodigitalmx.com\/index.php\/wp-json\/wp\/v2\/posts"}],"about":[{"href":"https:\/\/diariodigitalmx.com\/index.php\/wp-json\/wp\/v2\/types\/post"}],"author":[{"embeddable":true,"href":"https:\/\/diariodigitalmx.com\/index.php\/wp-json\/wp\/v2\/users\/1"}],"replies":[{"embeddable":true,"href":"https:\/\/diariodigitalmx.com\/index.php\/wp-json\/wp\/v2\/comments?post=1811"}],"version-history":[{"count":1,"href":"https:\/\/diariodigitalmx.com\/index.php\/wp-json\/wp\/v2\/posts\/1811\/revisions"}],"predecessor-version":[{"id":1813,"href":"https:\/\/diariodigitalmx.com\/index.php\/wp-json\/wp\/v2\/posts\/1811\/revisions\/1813"}],"wp:featuredmedia":[{"embeddable":true,"href":"https:\/\/diariodigitalmx.com\/index.php\/wp-json\/wp\/v2\/media\/1812"}],"wp:attachment":[{"href":"https:\/\/diariodigitalmx.com\/index.php\/wp-json\/wp\/v2\/media?parent=1811"}],"wp:term":[{"taxonomy":"category","embeddable":true,"href":"https:\/\/diariodigitalmx.com\/index.php\/wp-json\/wp\/v2\/categories?post=1811"},{"taxonomy":"post_tag","embeddable":true,"href":"https:\/\/diariodigitalmx.com\/index.php\/wp-json\/wp\/v2\/tags?post=1811"}],"curies":[{"name":"wp","href":"https:\/\/api.w.org\/{rel}","templated":true}]}}