{"id":1817,"date":"2019-04-01T16:53:31","date_gmt":"2019-04-01T22:53:31","guid":{"rendered":"http:\/\/diariodigitalmx.com\/?p=1817"},"modified":"2019-04-01T16:53:32","modified_gmt":"2019-04-01T22:53:32","slug":"rechaza-pri-cualquier-incremento-a-tarifas-del-transporte-urbano","status":"publish","type":"post","link":"https:\/\/diariodigitalmx.com\/index.php\/2019\/04\/01\/rechaza-pri-cualquier-incremento-a-tarifas-del-transporte-urbano\/","title":{"rendered":"Rechaza PRI cualquier incremento a tarifas del transporte urbano"},"content":{"rendered":"\n<p>Ante la intenci\u00f3n del gobierno estatal de ceder a las presiones de los transportistas para incrementar las tarifas del transporte p\u00fablico, la dirigencia del PRI de Nuevo Le\u00f3n rechaz\u00f3 cualquier incremento que afecte a las familias nuevoleonesas.<\/p>\n\n\n\n<p>Lo anterior lo se\u00f1al\u00f3 el presidente del Comit\u00e9 Directivo Estatal, Pedro Pablo Trevi\u00f1o Villarreal, luego de las recientes declaraciones del secretario general de Gobierno, Manuel Gonz\u00e1lez, quien asegur\u00f3 que el gobierno estatal est\u00e1 proponiendo un incremento a las tarifas del transporte urbano del 16 por ciento, mientras que los transportistas quieren un aumento del 43.5 por ciento.<\/p>\n\n\n\n<p>De darse el aumento propuesto por la autoridad, la tarifa en efectivo pasar\u00eda de 12 a 14 pesos; las rutas suburbanas pasar\u00edan de 12 a 15 pesos, mientras que los pagos con tarjeta Feria quedar\u00edan sin ajuste.<\/p>\n\n\n\n<p>En tanto, los due\u00f1os de las rutas de transporte p\u00fablico, pretenden un aumento de 12 a 17.22 pesos en pago en efectivo, 16.80 en tarjeta Feria y 10.60 la tarifa preferencial.<\/p>\n\n\n\n<p>\u201cReiteramos nuestro rechazo a cualquier incremento a las tarifas del transporte urbano porque tenemos el transporte urbano m\u00e1s caro del pa\u00eds y el servicio deja mucho que desear, adem\u00e1s de que la econom\u00eda de las familias est\u00e1 muy da\u00f1ada y no puede ser posible que est\u00e9n trabajando s\u00f3lo para pagar tus pasajes\u201d, asever\u00f3.<\/p>\n\n\n\n<p>El dirigente priista tambi\u00e9n critic\u00f3 la inacci\u00f3n de la administraci\u00f3n del gobernador Jaime Rodr\u00edguez Calder\u00f3n para solucionar el problema del transporte urbano, ya que solo ha alargado el problema.<\/p>\n\n\n\n<p>\u201cLo \u00fanico que ha hecho el gobernador es patear el bote ni ha querido meter en cintura a los transportistas quienes han incrementado por su cuenta las tarifas suburbanas sin que haya ninguna sanci\u00f3n por parte de las autoridades del transporte\u201d, critic\u00f3.<\/p>\n\n\n\n<p>Agreg\u00f3 que esta inacci\u00f3n ha permitido a los due\u00f1os de las rutas urbanas a realizar acciones legales para evitar que la autoridad los sancione.<\/p>\n\n\n\n<p>\u201cAl parecer existe una complicidad entre el gobierno estatal y los transportistas para permitirles que aumenten las tarifas sin necesidad de un incremento oficial, adem\u00e1s de que no los ha obligado a mejorar el servicio que es muy malo y el m\u00e1s caro del pa\u00eds\u201d, puntualiz\u00f3.<\/p>\n","protected":false},"excerpt":{"rendered":"<p>Ante la intenci\u00f3n del gobierno estatal de ceder a las presiones de los transportistas para incrementar las tarifas del transporte p\u00fablico, la dirigencia del PRI de Nuevo Le\u00f3n rechaz\u00f3 cualquier incremento que afecte a las familias nuevoleonesas. Lo anterior lo se\u00f1al\u00f3 el presidente del Comit\u00e9 Directivo Estatal, Pedro Pablo Trevi\u00f1o Villarreal, luego de las recientes [&hellip;]<\/p>\n","protected":false},"author":1,"featured_media":1818,"comment_status":"open","ping_status":"open","sticky":true,"template":"","format":"standard","meta":{"footnotes":""},"categories":[6],"tags":[],"_links":{"self":[{"href":"https:\/\/diariodigitalmx.com\/index.php\/wp-json\/wp\/v2\/posts\/1817"}],"collection":[{"href":"https:\/\/diariodigitalmx.com\/index.php\/wp-json\/wp\/v2\/posts"}],"about":[{"href":"https:\/\/diariodigitalmx.com\/index.php\/wp-json\/wp\/v2\/types\/post"}],"author":[{"embeddable":true,"href":"https:\/\/diariodigitalmx.com\/index.php\/wp-json\/wp\/v2\/users\/1"}],"replies":[{"embeddable":true,"href":"https:\/\/diariodigitalmx.com\/index.php\/wp-json\/wp\/v2\/comments?post=1817"}],"version-history":[{"count":1,"href":"https:\/\/diariodigitalmx.com\/index.php\/wp-json\/wp\/v2\/posts\/1817\/revisions"}],"predecessor-version":[{"id":1819,"href":"https:\/\/diariodigitalmx.com\/index.php\/wp-json\/wp\/v2\/posts\/1817\/revisions\/1819"}],"wp:featuredmedia":[{"embeddable":true,"href":"https:\/\/diariodigitalmx.com\/index.php\/wp-json\/wp\/v2\/media\/1818"}],"wp:attachment":[{"href":"https:\/\/diariodigitalmx.com\/index.php\/wp-json\/wp\/v2\/media?parent=1817"}],"wp:term":[{"taxonomy":"category","embeddable":true,"href":"https:\/\/diariodigitalmx.com\/index.php\/wp-json\/wp\/v2\/categories?post=1817"},{"taxonomy":"post_tag","embeddable":true,"href":"https:\/\/diariodigitalmx.com\/index.php\/wp-json\/wp\/v2\/tags?post=1817"}],"curies":[{"name":"wp","href":"https:\/\/api.w.org\/{rel}","templated":true}]}}