{"id":1823,"date":"2019-04-02T10:23:45","date_gmt":"2019-04-02T16:23:45","guid":{"rendered":"http:\/\/diariodigitalmx.com\/?p=1823"},"modified":"2019-04-02T10:23:46","modified_gmt":"2019-04-02T16:23:46","slug":"plantea-diputada-reforestar-pedreras-y-convertirla-en-espacios-culturales","status":"publish","type":"post","link":"https:\/\/diariodigitalmx.com\/index.php\/2019\/04\/02\/plantea-diputada-reforestar-pedreras-y-convertirla-en-espacios-culturales\/","title":{"rendered":"Plantea Diputada reforestar pedreras y convertirla en espacios culturales"},"content":{"rendered":"\n<p>\u00a0<strong>Beatriz de los Santos env\u00eda protesta a Secretaria de Desarrollo Sustentable para aplicar recursos en el embellecimiento y reforestaci\u00f3n de pedreras<\/strong><\/p>\n\n\n\n<p>Para darles un giro cultural y contribuir contra la contaminaci\u00f3n, la legisladora de Morena, Beatriz de los Santos planteo en el pleno del congreso local, un proyecto en el cual ayudara al medio ambiente y beneficiaria a los vecinos aleda\u00f1os a las pedreras del Topo Chico.<\/p>\n\n\n\n<p>De los Santos dijo en el pleno que un \u00c1rea Natural Protegida (ANP) representa una zona del territorio estatal dentro de la cual, por decreto del gobernador, se llevan a cabo acciones de conservaci\u00f3n, protecci\u00f3n y, dado el caso, de recuperaci\u00f3n de los valores biol\u00f3gicos, ecol\u00f3gicos y f\u00edsicos dentro de la misma, para asegurar de este modo la continuidad de sus procesos naturales para las generaciones actuales y las futuras. Cada una de estas \u00e1reas cuenta con un valor espec\u00edfico ya sea natural y\/o cultural.<\/p>\n\n\n\n<p>\u201cEl cerro del topo chico que mediante decreto publicado en el Peri\u00f3dico Oficial del Estado el d\u00eda 27 de marzo de 2002 es considerado un \u00c1rea Natural Protegida que, en conjunto con el cerro de la silla, cerro de las mitras y la sierra madre oriental, hacen de nuestra \u00e1rea metropolitana de Monterrey, un s\u00edmbolo caracter\u00edstico en todo M\u00e9xico\u201d, record\u00f3 la legisladora.<\/p>\n\n\n\n<p>Coment\u00f3 Beatriz de los Santos que en a\u00f1os pasados este cerro fue afectado por la creaci\u00f3n desmesurada de asentamientos humanos y actividad industrial que dejaron huecos y \u201cgrandes cicatrices\u201d visibles hasta la fecha, ya que la autoridad competente no llevo a cabo las acciones necesarias para su restauraci\u00f3n.<\/p>\n\n\n\n<p>\u201cRecientemente el Senador V\u00edctor Fuentes Sol\u00eds presento una iniciativa que propone modificar la Ley de Expropiaci\u00f3n con el objetivo de que los da\u00f1os a propiedades en perjuicio del ambiente y la colectividad puedan ser una causa de utilidad p\u00fablica y en ese tenor desde aqu\u00ed en Nuevo Le\u00f3n hacemos lo propio\u201d, destac\u00f3 Beatriz de los Santos.<\/p>\n\n\n\n<p>La restauraci\u00f3n descrita en el art\u00edculo 109 de la ley ambiental del Estado de Nuevo Le\u00f3n, conlleva la formulaci\u00f3n, ejecuci\u00f3n y seguimiento de planes por parte del Estado a trav\u00e9s de la Secretaria de Desarrollo Sustentable donde dicha dependencia deber\u00e1 promover la participaci\u00f3n de los propietarios, poseedores, organizaciones sociales, p\u00fablicas o privadas, instituciones acad\u00e9micas, centros de investigaci\u00f3n, habitantes de las comunidades locales, autoridades municipales y dem\u00e1s personas interesadas, por lo cual solicito al titular de esta secretaria, la factibilidad de un plan de restauraci\u00f3n de los vestigios de una antigua pedrera, ubicada en la avenida Las Torres entre las colonias L\u00e1zaro C\u00e1rdenas y Primero de Junio (Fomerrey 167) pertenecientes al municipio de Monterrey.<\/p>\n\n\n\n<p>\u201cDicha factibilidad y su descripci\u00f3n ayudar\u00e1 a generar proyectos decisivos para futuro donde se podr\u00e1 darle vitalidad a estas zonas, que repercutir\u00e1n positivamente en el medio ambiente, se genere un libre esparcimiento de la ciudadan\u00eda y detone el ecoturismo en la zona de forma tal que se respete, mantenga y preserve el equilibrio de los ecosistemas, sus elementos y procesos naturales\u201d, explic\u00f3 la legisladora de los Santos.<\/p>\n\n\n\n<p>Comparti\u00f3 que en su firme compromiso con el medio ambiente, las generaciones venideras y la juventud del Estado, se envi\u00f3 un exhorto al C. Ing. Jos\u00e9 Manuel Vital Couturier Secretario de Desarrollo Sustentable del Gobierno del Estado de Nuevo Le\u00f3n, para que en uso de sus facultades y atribuciones analice la factibilidad de emprender un proyecto de restauraci\u00f3n en el Cerro del Topo Chico.<\/p>\n","protected":false},"excerpt":{"rendered":"<p>\u00a0Beatriz de los Santos env\u00eda protesta a Secretaria de Desarrollo Sustentable para aplicar recursos en el embellecimiento y reforestaci\u00f3n de pedreras Para darles un giro cultural y contribuir contra la contaminaci\u00f3n, la legisladora de Morena, Beatriz de los Santos planteo en el pleno del congreso local, un proyecto en el cual ayudara al medio ambiente [&hellip;]<\/p>\n","protected":false},"author":1,"featured_media":1824,"comment_status":"open","ping_status":"open","sticky":true,"template":"","format":"standard","meta":{"footnotes":""},"categories":[6],"tags":[],"_links":{"self":[{"href":"https:\/\/diariodigitalmx.com\/index.php\/wp-json\/wp\/v2\/posts\/1823"}],"collection":[{"href":"https:\/\/diariodigitalmx.com\/index.php\/wp-json\/wp\/v2\/posts"}],"about":[{"href":"https:\/\/diariodigitalmx.com\/index.php\/wp-json\/wp\/v2\/types\/post"}],"author":[{"embeddable":true,"href":"https:\/\/diariodigitalmx.com\/index.php\/wp-json\/wp\/v2\/users\/1"}],"replies":[{"embeddable":true,"href":"https:\/\/diariodigitalmx.com\/index.php\/wp-json\/wp\/v2\/comments?post=1823"}],"version-history":[{"count":1,"href":"https:\/\/diariodigitalmx.com\/index.php\/wp-json\/wp\/v2\/posts\/1823\/revisions"}],"predecessor-version":[{"id":1825,"href":"https:\/\/diariodigitalmx.com\/index.php\/wp-json\/wp\/v2\/posts\/1823\/revisions\/1825"}],"wp:featuredmedia":[{"embeddable":true,"href":"https:\/\/diariodigitalmx.com\/index.php\/wp-json\/wp\/v2\/media\/1824"}],"wp:attachment":[{"href":"https:\/\/diariodigitalmx.com\/index.php\/wp-json\/wp\/v2\/media?parent=1823"}],"wp:term":[{"taxonomy":"category","embeddable":true,"href":"https:\/\/diariodigitalmx.com\/index.php\/wp-json\/wp\/v2\/categories?post=1823"},{"taxonomy":"post_tag","embeddable":true,"href":"https:\/\/diariodigitalmx.com\/index.php\/wp-json\/wp\/v2\/tags?post=1823"}],"curies":[{"name":"wp","href":"https:\/\/api.w.org\/{rel}","templated":true}]}}