{"id":1834,"date":"2019-04-02T12:47:11","date_gmt":"2019-04-02T18:47:11","guid":{"rendered":"http:\/\/diariodigitalmx.com\/?p=1834"},"modified":"2019-04-02T12:47:13","modified_gmt":"2019-04-02T18:47:13","slug":"por-cierto-20","status":"publish","type":"post","link":"https:\/\/diariodigitalmx.com\/index.php\/2019\/04\/02\/por-cierto-20\/","title":{"rendered":"Por cierto&#8230;"},"content":{"rendered":"\n<p> \u00d3scar Tamez Rodr\u00edguez <\/p>\n\n\n\n<p> La denuncia de #MiToo toma un giro diferente ante la muerte del bajista de Botellita de Jerez mediante un suicido como protesta frente al desprestigio an\u00f3nimo y viral. <\/p>\n\n\n\n<p>Es que se debe apoyar a las y los denunciantes, pero ya vimos que los derechos humanos de los acusados en escopetazos por las redes sociales tambi\u00e9n deben ser ponderados. Sin duda el tema se medir\u00e1 distinto a partir de Armando&#8230; <\/p>\n\n\n\n<p>Circulan en redes unas fotos de Josefina V\u00e1zquez Mota donde se nota el antes y despu\u00e9s de la cirug\u00eda pl\u00e1stica del rostro. Es que la diferencia es mucha, alguien dijo que se acord\u00f3 de Michelle Jackson. \u00a1No entiendo porqu\u00e9! <\/p>\n\n\n\n<p><a rel=\"noreferrer noopener\" href=\"http:\/\/www.estudiospoliticos.mx\/\" target=\"_blank\">www.estudiospoliticos.mx<\/a><\/p>\n\n\n\n<p><a rel=\"noreferrer noopener\" href=\"http:\/\/facebook.com\/EstudiosPoliticos.mx\" target=\"_blank\">Facebook.com\/EstudiosPoliticos.mx<\/a><\/p>\n\n\n\n<p>@EstudiosMx <\/p>\n","protected":false},"excerpt":{"rendered":"<p>\u00d3scar Tamez Rodr\u00edguez La denuncia de #MiToo toma un giro diferente ante la muerte del bajista de Botellita de Jerez mediante un suicido como protesta frente al desprestigio an\u00f3nimo y viral. Es que se debe apoyar a las y los denunciantes, pero ya vimos que los derechos humanos de los acusados en escopetazos por las [&hellip;]<\/p>\n","protected":false},"author":1,"featured_media":1596,"comment_status":"open","ping_status":"open","sticky":true,"template":"","format":"standard","meta":{"footnotes":""},"categories":[12],"tags":[],"_links":{"self":[{"href":"https:\/\/diariodigitalmx.com\/index.php\/wp-json\/wp\/v2\/posts\/1834"}],"collection":[{"href":"https:\/\/diariodigitalmx.com\/index.php\/wp-json\/wp\/v2\/posts"}],"about":[{"href":"https:\/\/diariodigitalmx.com\/index.php\/wp-json\/wp\/v2\/types\/post"}],"author":[{"embeddable":true,"href":"https:\/\/diariodigitalmx.com\/index.php\/wp-json\/wp\/v2\/users\/1"}],"replies":[{"embeddable":true,"href":"https:\/\/diariodigitalmx.com\/index.php\/wp-json\/wp\/v2\/comments?post=1834"}],"version-history":[{"count":1,"href":"https:\/\/diariodigitalmx.com\/index.php\/wp-json\/wp\/v2\/posts\/1834\/revisions"}],"predecessor-version":[{"id":1835,"href":"https:\/\/diariodigitalmx.com\/index.php\/wp-json\/wp\/v2\/posts\/1834\/revisions\/1835"}],"wp:featuredmedia":[{"embeddable":true,"href":"https:\/\/diariodigitalmx.com\/index.php\/wp-json\/wp\/v2\/media\/1596"}],"wp:attachment":[{"href":"https:\/\/diariodigitalmx.com\/index.php\/wp-json\/wp\/v2\/media?parent=1834"}],"wp:term":[{"taxonomy":"category","embeddable":true,"href":"https:\/\/diariodigitalmx.com\/index.php\/wp-json\/wp\/v2\/categories?post=1834"},{"taxonomy":"post_tag","embeddable":true,"href":"https:\/\/diariodigitalmx.com\/index.php\/wp-json\/wp\/v2\/tags?post=1834"}],"curies":[{"name":"wp","href":"https:\/\/api.w.org\/{rel}","templated":true}]}}