{"id":1840,"date":"2019-04-02T12:50:26","date_gmt":"2019-04-02T18:50:26","guid":{"rendered":"http:\/\/diariodigitalmx.com\/?p=1840"},"modified":"2019-04-02T12:50:27","modified_gmt":"2019-04-02T18:50:27","slug":"fmi-descarta-recesion-mundial-en-el-corto-plazo","status":"publish","type":"post","link":"https:\/\/diariodigitalmx.com\/index.php\/2019\/04\/02\/fmi-descarta-recesion-mundial-en-el-corto-plazo\/","title":{"rendered":"FMI descarta recesi\u00f3n mundial en el corto plazo"},"content":{"rendered":"\n<p>En enero, el FMI proyect\u00f3 un crecimiento mundial para 2019 y 2020 de alrededor del 3.5 por ciento, el m\u00e1s bajo del que hemos visto en los \u00faltimos tiempos. Desde entonces, el crecimiento ha seguido perdiendo \u00edmpetu, explic\u00f3 Christine Lagarde.<\/p>\n\n\n\n<p>Las perspectivas de crecimiento global ser\u00e1n menores al 3.5 por ciento, anticip\u00f3 Christine Lagarde, directora gerente del Fondo Monetario Internacional (FMI), pero aclar\u00f3 que no habr\u00e1 una recesi\u00f3n en el corto plazo.<\/p>\n\n\n\n<p>\u201cEn enero, el FMI proyect\u00f3 un crecimiento mundial para 2019 y 2020 de alrededor del 3.5 por ciento, el m\u00e1s bajo del que hemos visto en los \u00faltimos tiempos. Desde entonces, el crecimiento ha seguido perdiendo \u00edmpetu\u201d, explic\u00f3 Lagarde en un discurso en la C\u00e1mara de Comercio de Estados Unidos.<\/p>\n\n\n\n<p>\u201cHace solo dos a\u00f1os, el 75 por ciento de la econom\u00eda global experiment\u00f3 un alza. Para este a\u00f1o, esperamos que el 70 por ciento de la econom\u00eda mundial experimente una desaceleraci\u00f3n en el crecimiento\u201d, refiri\u00f3.<\/p>\n\n\n\n<p>Sin embargo, aclar\u00f3 que no habr\u00e1 una recesi\u00f3n en el corto plazo, por lo que seg\u00fan las estimaciones del FMI se espera un repunte en el crecimiento en la segunda mitad de 2019 y en 2020.<\/p>\n\n\n\n<p>Precis\u00f3 que los temas de&nbsp;c\u00f3mo fomentar un crecimiento m\u00e1s sostenible e inclusivo; c\u00f3mo reducir las tensiones comerciales, y c\u00f3mo reforzar la credibilidad y la confianza, en la econom\u00eda y las instituciones, ser\u00e1n los temas de la pr\u00f3xima reuni\u00f3n de primavera del FMI y el Banco Mundial.<\/p>\n\n\n\n<p>\u201cEl crecimiento global se ha desacelerado, en gran parte debido a las crecientes tensiones comerciales y al endurecimiento financiero en la segunda mitad de 2018\u201d, puntualiz\u00f3 Lagarde.<\/p>\n\n\n\n<p>Refiri\u00f3 que \u201cla actividad econ\u00f3mica mundial se beneficiar\u00e1 del ritmo paciente de normalizaci\u00f3n monetaria de los principales bancos centrales; por la Reserva Federal de estados Unidos y por el aumento del est\u00edmulo, en China\u201d.<\/p>\n\n\n\n<p>Puntualiz\u00f3 que el repunte esperado en el crecimiento mundial a finales de este a\u00f1o es precario. \u201cEs vulnerable a riesgos a la baja, incluidas las incertidumbres relacionadas con los pa\u00edses, como el Brexit, y las incertidumbres como la alta deuda en algunos sectores y pa\u00edses, las tensiones en torno a la pol\u00edtica comercial, y la inquietud en los mercados financieros\u201d.<\/p>\n\n\n\n<p>La funcionaria apunt\u00f3 que es un momento delicado, \u201cdebemos evitar errores en las pol\u00edticas y seguir los pasos correctos de la pol\u00edtica\u201d.<\/p>\n\n\n\n<p>Lagarde apunt\u00f3 que se requerir\u00e1n tres \u00e1reas de acci\u00f3n en pol\u00edticas dom\u00e9sticas, transfronterizas y en esfuerzos coordinados para enfrentar los principales desaf\u00edos globales.<\/p>\n\n\n\n<p>Lagarde present\u00f3 el informe una semana antes de que el organismo publique sus nuevas previsiones globales, en el marco de su asamblea conjunta con el Banco Mundial (BM) que se realizar\u00e1 en Washington.<\/p>\n","protected":false},"excerpt":{"rendered":"<p>En enero, el FMI proyect\u00f3 un crecimiento mundial para 2019 y 2020 de alrededor del 3.5 por ciento, el m\u00e1s bajo del que hemos visto en los \u00faltimos tiempos. Desde entonces, el crecimiento ha seguido perdiendo \u00edmpetu, explic\u00f3 Christine Lagarde. Las perspectivas de crecimiento global ser\u00e1n menores al 3.5 por ciento, anticip\u00f3 Christine Lagarde, directora [&hellip;]<\/p>\n","protected":false},"author":1,"featured_media":1841,"comment_status":"open","ping_status":"open","sticky":true,"template":"","format":"standard","meta":{"footnotes":""},"categories":[4],"tags":[],"_links":{"self":[{"href":"https:\/\/diariodigitalmx.com\/index.php\/wp-json\/wp\/v2\/posts\/1840"}],"collection":[{"href":"https:\/\/diariodigitalmx.com\/index.php\/wp-json\/wp\/v2\/posts"}],"about":[{"href":"https:\/\/diariodigitalmx.com\/index.php\/wp-json\/wp\/v2\/types\/post"}],"author":[{"embeddable":true,"href":"https:\/\/diariodigitalmx.com\/index.php\/wp-json\/wp\/v2\/users\/1"}],"replies":[{"embeddable":true,"href":"https:\/\/diariodigitalmx.com\/index.php\/wp-json\/wp\/v2\/comments?post=1840"}],"version-history":[{"count":1,"href":"https:\/\/diariodigitalmx.com\/index.php\/wp-json\/wp\/v2\/posts\/1840\/revisions"}],"predecessor-version":[{"id":1842,"href":"https:\/\/diariodigitalmx.com\/index.php\/wp-json\/wp\/v2\/posts\/1840\/revisions\/1842"}],"wp:featuredmedia":[{"embeddable":true,"href":"https:\/\/diariodigitalmx.com\/index.php\/wp-json\/wp\/v2\/media\/1841"}],"wp:attachment":[{"href":"https:\/\/diariodigitalmx.com\/index.php\/wp-json\/wp\/v2\/media?parent=1840"}],"wp:term":[{"taxonomy":"category","embeddable":true,"href":"https:\/\/diariodigitalmx.com\/index.php\/wp-json\/wp\/v2\/categories?post=1840"},{"taxonomy":"post_tag","embeddable":true,"href":"https:\/\/diariodigitalmx.com\/index.php\/wp-json\/wp\/v2\/tags?post=1840"}],"curies":[{"name":"wp","href":"https:\/\/api.w.org\/{rel}","templated":true}]}}