{"id":1852,"date":"2019-04-02T12:56:36","date_gmt":"2019-04-02T18:56:36","guid":{"rendered":"http:\/\/diariodigitalmx.com\/?p=1852"},"modified":"2019-04-02T13:03:11","modified_gmt":"2019-04-02T19:03:11","slug":"fuerza-civil-auxilia-a-los-aldama-n-l-se-investiga-a-director-de-policia-detenido","status":"publish","type":"post","link":"https:\/\/diariodigitalmx.com\/index.php\/2019\/04\/02\/fuerza-civil-auxilia-a-los-aldama-n-l-se-investiga-a-director-de-policia-detenido\/","title":{"rendered":"Fuerza Civil auxilia a Los Aldama, N. L.; se investiga a director de polic\u00eda detenido"},"content":{"rendered":"\n<p>Armando Duque<\/p>\n\n\n\n<p>Monterrey, N. L.- La Secretar\u00eda de Seguridad P\u00fablica estatal concentrar\u00e1 a elementos de Fuerza Civil en el municipio de Los Aldama, donde el jefe de la polic\u00eda estatal fue detenido en posesi\u00f3n de armas y metanfetaminas.<\/p>\n\n\n\n<p>&nbsp;Franco del A. director de la corporaci\u00f3n de esa localidad a unos 152 kil\u00f3metros al noreste de Monterrey, fue detenido el pasado 26 de marzo por elementos de Fuerza Civil en posesi\u00f3n de armas y droga y ahora se le investiga por presunta participaci\u00f3n con algunas c\u00e9lulas del crimen organizado.<\/p>\n\n\n\n<p>Tambi\u00e9n se detect\u00f3 a dos personas que se hicieron pasar por polic\u00edas a las cuales se investigan pues custodiaban a un veh\u00edculo sospechoso a bordo de una camioneta granadera sin logotipos y con un arma de grueso calibre.<\/p>\n\n\n\n<p>Aldo Fasci, secretario de Seguridad inform\u00f3 que se apoya a los municipios que no tienen los suficientes elementos polic\u00edacos, pero neg\u00f3 que Fuerza Civil tomara el control del mencionado municipio, aunque en el caso de Aldama estar\u00e1n apoyando supervisar\u00e1n.<\/p>\n\n\n\n<p>&#8220;No podemos hacer todo al mismo tiempo, recuerdo que cuando toc\u00f3 San Pedro no fue sencillo, no podemos tener a los elementos de Fuerza Civil en todos los municipios. Tengo que concentrarlos, esa es la esencia de FC, mientras m\u00e1s los traiga desperdigados menos fuerza tienen, estamos recuperando municipios y los mando a otros&#8221;.<\/p>\n\n\n\n<p>El d\u00eda de los hechos, polic\u00edas de Fuerza Civil acudieron con una orden a catear la propia corporaci\u00f3n de polic\u00eda de Los Aldamas y el palacio municipal. En \u00e9ste \u00faltimo encontraron residuos de mariguana y una pipa y en la direcci\u00f3n municipal policiaca tambi\u00e9n algo de droga y un arma larga.<\/p>\n\n\n\n<p>&#8220;La violencia est\u00e1 en los extremos de los municipios del \u00e1rea metropolitana, debemos estar preparados&#8221;, mencion\u00f3 Fasci quien habla de realizar una limpia de polic\u00edas municipales y que a la fecha van 150 en San Pedro y 80 en Fuerza Civil.<\/p>\n\n\n\n<p>Por otro lado, el&nbsp;alcalde&nbsp;del municipio de&nbsp;Los Aldama&nbsp;Nuevo Le\u00f3n, Jos\u00e9 Luis Pe\u00f1a, del Partido Nueva Alianza, fue entrevistado por la fiscal\u00eda para aportar informaci\u00f3n, por el caso del&nbsp;director de polic\u00eda&nbsp;detenido y del cateo a la comandancia y presidencia municipal, confirm\u00f3 el Vicefiscal Luis Enrique Orozco.<\/p>\n\n\n\n<p>Confirm\u00f3 que hay tres personas detenidas y en espera de resolverles su situaci\u00f3n jur\u00eddica, el director de la polic\u00eda local y dos supuestos polic\u00edas.<\/p>\n\n\n\n<p>Orozco, explic\u00f3 que en su declaraci\u00f3n que el edil Pe\u00f1a Pe\u00f1a asegur\u00f3 desconocer informaci\u00f3n sobre los presuntos actos il\u00edcitos que se comet\u00edan en el edificio municipal.<\/p>\n\n\n\n<p>Como parte del operativo se encontraron adem\u00e1s municiones de armas de alto poder que no corresponden a las que utilizan los elementos municipales.<\/p>\n\n\n\n<p>Los Aldama es una poblaci\u00f3n con unos dos mil habitantes y es junto con municipalidades del oriente y norte de Nuevo Le\u00f3n las que enfrentan problemas de inseguridad al colindar con Tamaulipas y en donde, grupos del crimen organizado controlan los territorios.<\/p>\n","protected":false},"excerpt":{"rendered":"<p>Armando Duque Monterrey, N. L.- La Secretar\u00eda de Seguridad P\u00fablica estatal concentrar\u00e1 a elementos de Fuerza Civil en el municipio de Los Aldama, donde el jefe de la polic\u00eda estatal fue detenido en posesi\u00f3n de armas y metanfetaminas. &nbsp;Franco del A. director de la corporaci\u00f3n de esa localidad a unos 152 kil\u00f3metros al noreste de [&hellip;]<\/p>\n","protected":false},"author":1,"featured_media":1853,"comment_status":"open","ping_status":"open","sticky":true,"template":"","format":"standard","meta":{"footnotes":""},"categories":[6],"tags":[],"_links":{"self":[{"href":"https:\/\/diariodigitalmx.com\/index.php\/wp-json\/wp\/v2\/posts\/1852"}],"collection":[{"href":"https:\/\/diariodigitalmx.com\/index.php\/wp-json\/wp\/v2\/posts"}],"about":[{"href":"https:\/\/diariodigitalmx.com\/index.php\/wp-json\/wp\/v2\/types\/post"}],"author":[{"embeddable":true,"href":"https:\/\/diariodigitalmx.com\/index.php\/wp-json\/wp\/v2\/users\/1"}],"replies":[{"embeddable":true,"href":"https:\/\/diariodigitalmx.com\/index.php\/wp-json\/wp\/v2\/comments?post=1852"}],"version-history":[{"count":2,"href":"https:\/\/diariodigitalmx.com\/index.php\/wp-json\/wp\/v2\/posts\/1852\/revisions"}],"predecessor-version":[{"id":1856,"href":"https:\/\/diariodigitalmx.com\/index.php\/wp-json\/wp\/v2\/posts\/1852\/revisions\/1856"}],"wp:featuredmedia":[{"embeddable":true,"href":"https:\/\/diariodigitalmx.com\/index.php\/wp-json\/wp\/v2\/media\/1853"}],"wp:attachment":[{"href":"https:\/\/diariodigitalmx.com\/index.php\/wp-json\/wp\/v2\/media?parent=1852"}],"wp:term":[{"taxonomy":"category","embeddable":true,"href":"https:\/\/diariodigitalmx.com\/index.php\/wp-json\/wp\/v2\/categories?post=1852"},{"taxonomy":"post_tag","embeddable":true,"href":"https:\/\/diariodigitalmx.com\/index.php\/wp-json\/wp\/v2\/tags?post=1852"}],"curies":[{"name":"wp","href":"https:\/\/api.w.org\/{rel}","templated":true}]}}