{"id":1883,"date":"2019-04-03T13:24:29","date_gmt":"2019-04-03T19:24:29","guid":{"rendered":"http:\/\/diariodigitalmx.com\/?p=1883"},"modified":"2019-04-03T13:24:30","modified_gmt":"2019-04-03T19:24:30","slug":"hospitalizan-a-pele-en-paris","status":"publish","type":"post","link":"https:\/\/diariodigitalmx.com\/index.php\/2019\/04\/03\/hospitalizan-a-pele-en-paris\/","title":{"rendered":"Hospitalizan a Pel\u00e9 en Par\u00eds"},"content":{"rendered":"\n<p>En noviembre de 2014, el brasile\u00f1o fue internado en cuidados intensivos en un hospital tras una infecci\u00f3n urinaria grave, que le oblig\u00f3 a someterse a di\u00e1lisis.<\/p>\n\n\n\n<p>El exfutbolista brasile\u00f1o Edson Arantes do Nascimento, m\u00e1s conocico como Pel\u00e9, de 78 a\u00f1os, fue hospitalizado esta madrugada en esta capital, como medida de precauci\u00f3n debido a un cuadro de fiebre alta, tras partcipar en un evento publico.<\/p>\n\n\n\n<p>La leyenda brasile\u00f1a sufri\u00f3 una crisis de tetania (espasmos en los m\u00fasculos de las extremidades) durante la madrugada de este mi\u00e9rcoles, poco despu\u00e9s de haber mantenido un encuentro en esta capital francesa con el futbolista franc\u00e9s Kylian Mbapp\u00e9, en el marco de una campa\u00f1a publicitaria.<\/p>\n\n\n\n<p>El entorno de jugador confirm\u00f3 que la hospitalizaci\u00f3n de Pel\u00e9 fue una medida preventiva antes de \u201cun largo viaje\u201d de vuelta a Brasil y que su vida no corre peligro, sin ofrecer m\u00e1s detalles, seg\u00fan el diario franc\u00e9s Le Monde.<\/p>\n\n\n\n<p>En noviembre de 2014, el brasile\u00f1o fue internado en cuidados intensivos en un hospital tras una infecci\u00f3n urinaria grave, que le oblig\u00f3 a someterse a di\u00e1lisis.<\/p>\n\n\n\n<p>Edson Arantes do Nascimento es reconocido como el mejor jugador de f\u00fatbol de la historia, pues se coron\u00f3 campe\u00f3n del mundo en Suecia 1958, Chile 1962 y M\u00e9xico 1970.<\/p>\n","protected":false},"excerpt":{"rendered":"<p>En noviembre de 2014, el brasile\u00f1o fue internado en cuidados intensivos en un hospital tras una infecci\u00f3n urinaria grave, que le oblig\u00f3 a someterse a di\u00e1lisis. El exfutbolista brasile\u00f1o Edson Arantes do Nascimento, m\u00e1s conocico como Pel\u00e9, de 78 a\u00f1os, fue hospitalizado esta madrugada en esta capital, como medida de precauci\u00f3n debido a un cuadro [&hellip;]<\/p>\n","protected":false},"author":1,"featured_media":1884,"comment_status":"open","ping_status":"open","sticky":true,"template":"","format":"standard","meta":{"footnotes":""},"categories":[8],"tags":[],"_links":{"self":[{"href":"https:\/\/diariodigitalmx.com\/index.php\/wp-json\/wp\/v2\/posts\/1883"}],"collection":[{"href":"https:\/\/diariodigitalmx.com\/index.php\/wp-json\/wp\/v2\/posts"}],"about":[{"href":"https:\/\/diariodigitalmx.com\/index.php\/wp-json\/wp\/v2\/types\/post"}],"author":[{"embeddable":true,"href":"https:\/\/diariodigitalmx.com\/index.php\/wp-json\/wp\/v2\/users\/1"}],"replies":[{"embeddable":true,"href":"https:\/\/diariodigitalmx.com\/index.php\/wp-json\/wp\/v2\/comments?post=1883"}],"version-history":[{"count":1,"href":"https:\/\/diariodigitalmx.com\/index.php\/wp-json\/wp\/v2\/posts\/1883\/revisions"}],"predecessor-version":[{"id":1885,"href":"https:\/\/diariodigitalmx.com\/index.php\/wp-json\/wp\/v2\/posts\/1883\/revisions\/1885"}],"wp:featuredmedia":[{"embeddable":true,"href":"https:\/\/diariodigitalmx.com\/index.php\/wp-json\/wp\/v2\/media\/1884"}],"wp:attachment":[{"href":"https:\/\/diariodigitalmx.com\/index.php\/wp-json\/wp\/v2\/media?parent=1883"}],"wp:term":[{"taxonomy":"category","embeddable":true,"href":"https:\/\/diariodigitalmx.com\/index.php\/wp-json\/wp\/v2\/categories?post=1883"},{"taxonomy":"post_tag","embeddable":true,"href":"https:\/\/diariodigitalmx.com\/index.php\/wp-json\/wp\/v2\/tags?post=1883"}],"curies":[{"name":"wp","href":"https:\/\/api.w.org\/{rel}","templated":true}]}}