{"id":1886,"date":"2019-04-03T13:25:52","date_gmt":"2019-04-03T19:25:52","guid":{"rendered":"http:\/\/diariodigitalmx.com\/?p=1886"},"modified":"2019-04-03T13:25:52","modified_gmt":"2019-04-03T19:25:52","slug":"alvaro-carrillo-el-agronomo-que-le-canto-al-amor","status":"publish","type":"post","link":"https:\/\/diariodigitalmx.com\/index.php\/2019\/04\/03\/alvaro-carrillo-el-agronomo-que-le-canto-al-amor\/","title":{"rendered":"\u00c1lvaro Carrillo, el agr\u00f3nomo que le cant\u00f3 al amor"},"content":{"rendered":"\n<h3 class=\"wp-block-heading\"><strong>Carrillo creador de boleros como Sabor a m\u00ed, Luz de luna, cumplir\u00e1 el centenario de su natalicio<\/strong><\/h3>\n\n\n\n<p><strong>Javier Garc\u00eda Java | El sol de M\u00e9xico<\/strong><\/p>\n\n\n\n<p>\u201cYo que fui del amor, ave de paso\u201d, entonaba \u00c1lvaro Carrillo con sentimiento. Y a\u00f1ad\u00eda: \u201cAm\u00e9monos ahora con la paz que en otro tiempo nos falt\u00f3\u201d.&nbsp;<em>El andariego<\/em>&nbsp;es uno de sus boleros m\u00e1s populares en el cancionero rom\u00e1ntico de nuestro pa\u00eds y por esa, y por muchas composiciones m\u00e1s, el inspirado creador musical oaxaque\u00f1o nunca vol\u00f3 como ave de paso, m\u00e1s bien se qued\u00f3 para siempre en la historia art\u00edstica y cultural de M\u00e9xico, al que hizo so\u00f1ar, sufrir y hasta llorar con letras del coraz\u00f3n que contin\u00faan escuch\u00e1ndose hasta nuestros d\u00edas.<\/p>\n\n\n\n<p>Bohemio de cepa pura, el tambi\u00e9n compositor de&nbsp;<em>Sabor a m\u00ed<\/em>&nbsp;y&nbsp;<em>Seguir\u00e9 mi viaje<\/em>, perdi\u00f3 la vida hace 50 a\u00f1os. Era la tarde del 3 de abril de 1969 cuando el autom\u00f3vil en el que regresaba con su familia a la Ciudad de M\u00e9xico, procedente del estado de Guerrero, fue impactado por otro veh\u00edculo a gran velocidad en la autopista M\u00e9xico-Cuernavaca, falleciendo su chofer instant\u00e1neamente. \u00c1lvaro muri\u00f3 minutos despu\u00e9s y su esposa, Ana, al d\u00eda siguiente; sus hijos, \u00c1lvaro y Mario, salvaron la vida milagrosamente.La noticia impact\u00f3 terriblemente en el \u00e1nimo del pueblo. Sus restos descansan en el Lote de Compositores del pante\u00f3n Jard\u00edn, en la capital mexicana.<\/p>\n\n\n\n<p><strong>\u00bfQUI\u00c9N ERA?<\/strong><\/p>\n\n\n\n<p>Hijo de Francisco Jos\u00e9 y Mar\u00eda Carrillo Jim\u00e9nez y Candelaria Morales, \u00c1lvaro Genaro Carrillo Alarc\u00f3n hab\u00eda nacido el 2 de diciembre de 1919 en Concepci\u00f3n del Progreso, Oaxaca, de donde posteriormente la familia se traslad\u00f3 a Cacahuatepec, en la misma tierra del mezcal y el mole negro. Al morir su madre siendo todav\u00eda un ni\u00f1o, su padre cas\u00f3 con Teodora Alarc\u00f3n, de quien \u00c1lvaro adopt\u00f3 el apellido materno.<\/p>\n\n\n\n<p>Inici\u00f3 su carrera musical en fiestas populares.&nbsp;<em>Celia<\/em>&nbsp;fue una de sus primeras composiciones, inspirada en una chica del colegio de quien se hab\u00eda enamorado perdidamente. Sin embargo, tambi\u00e9n curs\u00f3 la carrera de ingeniero agr\u00f3nomo; de hecho, se gradu\u00f3 en Chapingo, pero finalmente opt\u00f3 por dedicarse a la m\u00fasica, su pasi\u00f3n verdadera.<\/p>\n\n\n\n<p><strong>Autor prol\u00edfico<\/strong><\/p>\n\n\n\n<p>Destinado a transmitir vivencias a trav\u00e9s de sus canciones, el compositor oaxaque\u00f1o escribi\u00f3 unas 300 melod\u00edas, entre chilenas, pasodobles, boleros y rancheras, mismas que han sido interpretadas a lo largo de los a\u00f1os por artistas de renombre como Marco Antonio Mu\u00f1iz, Jos\u00e9 Jos\u00e9 y el trovador Pepe Jara; este \u00faltimo lo convirti\u00f3 en su icono y dedic\u00f3 gran parte de su trayectoria musical a difundir la obra musical de Carrillo; pero ser\u00eda otro trovador, Carlos Madrigal, quien recomend\u00f3 al tr\u00edo Los Duendes le grabara el tema&nbsp;<em>Amor m\u00edo<\/em>, el cual result\u00f3 un gran \u00e9xito e hizo que el artista se olvidara por completo de la agronom\u00eda.<\/p>\n","protected":false},"excerpt":{"rendered":"<p>Carrillo creador de boleros como Sabor a m\u00ed, Luz de luna, cumplir\u00e1 el centenario de su natalicio Javier Garc\u00eda Java | El sol de M\u00e9xico \u201cYo que fui del amor, ave de paso\u201d, entonaba \u00c1lvaro Carrillo con sentimiento. Y a\u00f1ad\u00eda: \u201cAm\u00e9monos ahora con la paz que en otro tiempo nos falt\u00f3\u201d.&nbsp;El andariego&nbsp;es uno de sus [&hellip;]<\/p>\n","protected":false},"author":1,"featured_media":1887,"comment_status":"open","ping_status":"open","sticky":true,"template":"","format":"standard","meta":{"footnotes":""},"categories":[9],"tags":[],"_links":{"self":[{"href":"https:\/\/diariodigitalmx.com\/index.php\/wp-json\/wp\/v2\/posts\/1886"}],"collection":[{"href":"https:\/\/diariodigitalmx.com\/index.php\/wp-json\/wp\/v2\/posts"}],"about":[{"href":"https:\/\/diariodigitalmx.com\/index.php\/wp-json\/wp\/v2\/types\/post"}],"author":[{"embeddable":true,"href":"https:\/\/diariodigitalmx.com\/index.php\/wp-json\/wp\/v2\/users\/1"}],"replies":[{"embeddable":true,"href":"https:\/\/diariodigitalmx.com\/index.php\/wp-json\/wp\/v2\/comments?post=1886"}],"version-history":[{"count":1,"href":"https:\/\/diariodigitalmx.com\/index.php\/wp-json\/wp\/v2\/posts\/1886\/revisions"}],"predecessor-version":[{"id":1888,"href":"https:\/\/diariodigitalmx.com\/index.php\/wp-json\/wp\/v2\/posts\/1886\/revisions\/1888"}],"wp:featuredmedia":[{"embeddable":true,"href":"https:\/\/diariodigitalmx.com\/index.php\/wp-json\/wp\/v2\/media\/1887"}],"wp:attachment":[{"href":"https:\/\/diariodigitalmx.com\/index.php\/wp-json\/wp\/v2\/media?parent=1886"}],"wp:term":[{"taxonomy":"category","embeddable":true,"href":"https:\/\/diariodigitalmx.com\/index.php\/wp-json\/wp\/v2\/categories?post=1886"},{"taxonomy":"post_tag","embeddable":true,"href":"https:\/\/diariodigitalmx.com\/index.php\/wp-json\/wp\/v2\/tags?post=1886"}],"curies":[{"name":"wp","href":"https:\/\/api.w.org\/{rel}","templated":true}]}}