{"id":1889,"date":"2019-04-03T13:27:34","date_gmt":"2019-04-03T19:27:34","guid":{"rendered":"http:\/\/diariodigitalmx.com\/?p=1889"},"modified":"2019-04-03T13:27:35","modified_gmt":"2019-04-03T19:27:35","slug":"una-espanola-interpretara-a-catalina-creel","status":"publish","type":"post","link":"https:\/\/diariodigitalmx.com\/index.php\/2019\/04\/03\/una-espanola-interpretara-a-catalina-creel\/","title":{"rendered":"\u00a1Una espa\u00f1ola interpretar\u00e1 a Catalina Creel!"},"content":{"rendered":"\n<h3 class=\"wp-block-heading\"><strong>\u00bfPaz Vega podr\u00e1 llegar a la interpretaci\u00f3n de Mar\u00eda Rubio en la nueva Cuna de Lobos?<\/strong><\/h3>\n\n\n\n<p>Al fin Televisa revel\u00f3 el misterio: la renombrada actriz internacional Paz Vega se integrar\u00e1 a la producci\u00f3n de la nueva versi\u00f3n de Cuna de Lobos, que se realiza como parte del proyecto F\u00e1brica de Sue\u00f1os.<\/p>\n\n\n\n<p>La multigaladonada actriz revivir\u00e1 al personaje de Catalina Creel, una de las villanas m\u00e1s emblem\u00e1ticas en la historia de las telenovelas latinoamericanas gracias a la primera actriz Mar\u00eda Rubio.<\/p>\n\n\n\n<h3 class=\"wp-block-heading\"><strong><\/strong><strong>\u00bfQui\u00e9n es Paz Vega?<\/strong><\/h3>\n\n\n\n<p>A lo largo de su trayectoria art\u00edstica, que abarca cine, teatro y televisi\u00f3n, Paz Vega se ha hecho acreedora a m\u00faltiples reconocimientos, entre los que destacan el Premio Goya, el Trofeo Chopard del Festival de Cannes, Phoenix Film Critics Society, Premio Sant Jordi, y el Premio Ondas.<\/p>\n\n\n\n<p>Paz Vega tambi\u00e9n ha participado en importantes producciones cinematogr\u00e1ficas, como Rambo V (Adrian Grunberg), Hable con ella (Pedro Almod\u00f3var), Carmen (Vicente Aranda), Luc\u00eda y el sexo (Julio Medem), y Spanglish (James L. Brooks). En televisi\u00f3n, ha participado en exitosas series, como son 7 Vidas, M\u00e1s que amigos y Compa\u00f1eros, entre otras.<\/p>\n\n\n\n<h3 class=\"wp-block-heading\"><strong>\u00bfDe qu\u00e9 va Cuna de Lobos?<\/strong><\/h3>\n\n\n\n<p>La nueva versi\u00f3n de Cuna de Lobos forma parte de F\u00e1brica de Sue\u00f1os, antolog\u00eda de dramas seriados realizada en formato de 25 cap\u00edtulos, que en su primera fase comprende la realizaci\u00f3n de 12 t\u00edtulos que reviven y actualizan las telenovelas m\u00e1s exitosas de las \u00faltimas d\u00e9cadas.<\/p>\n\n\n\n<p>La producci\u00f3n de la nueva versi\u00f3n de Cuna de Lobos est\u00e1 a cargo de Giselle Gonz\u00e1lez e iniciar\u00e1 grabaciones a mediados del presente mes, en locaciones de la Ciudad de M\u00e9xico.<\/p>\n\n\n\n<p>Considerada una de las mejores telenovelas de M\u00e9xico, Cuna de Lobos se transmiti\u00f3 entre 1986 y 1987, con la producci\u00f3n y direcci\u00f3n de Carlos T\u00e9llez.<\/p>\n\n\n\n<p>El melodrama fue protagonizado por Diana Bracho, Gonzalo Vega, Mar\u00eda Rubio, Alejandro Camacho y Rebecca Jones.<\/p>\n\n\n\n<p>El drama se centr\u00f3 en lo que una madre enfermiza como Catalina Creel llegaba a realizar por su hijo Alejandro (Alejandro Camacho), incluso asesinar a quien se le pusiera en su camino.<\/p>\n","protected":false},"excerpt":{"rendered":"<p>\u00bfPaz Vega podr\u00e1 llegar a la interpretaci\u00f3n de Mar\u00eda Rubio en la nueva Cuna de Lobos? Al fin Televisa revel\u00f3 el misterio: la renombrada actriz internacional Paz Vega se integrar\u00e1 a la producci\u00f3n de la nueva versi\u00f3n de Cuna de Lobos, que se realiza como parte del proyecto F\u00e1brica de Sue\u00f1os. La multigaladonada actriz revivir\u00e1 [&hellip;]<\/p>\n","protected":false},"author":1,"featured_media":1890,"comment_status":"open","ping_status":"open","sticky":true,"template":"","format":"standard","meta":{"footnotes":""},"categories":[9],"tags":[],"_links":{"self":[{"href":"https:\/\/diariodigitalmx.com\/index.php\/wp-json\/wp\/v2\/posts\/1889"}],"collection":[{"href":"https:\/\/diariodigitalmx.com\/index.php\/wp-json\/wp\/v2\/posts"}],"about":[{"href":"https:\/\/diariodigitalmx.com\/index.php\/wp-json\/wp\/v2\/types\/post"}],"author":[{"embeddable":true,"href":"https:\/\/diariodigitalmx.com\/index.php\/wp-json\/wp\/v2\/users\/1"}],"replies":[{"embeddable":true,"href":"https:\/\/diariodigitalmx.com\/index.php\/wp-json\/wp\/v2\/comments?post=1889"}],"version-history":[{"count":1,"href":"https:\/\/diariodigitalmx.com\/index.php\/wp-json\/wp\/v2\/posts\/1889\/revisions"}],"predecessor-version":[{"id":1891,"href":"https:\/\/diariodigitalmx.com\/index.php\/wp-json\/wp\/v2\/posts\/1889\/revisions\/1891"}],"wp:featuredmedia":[{"embeddable":true,"href":"https:\/\/diariodigitalmx.com\/index.php\/wp-json\/wp\/v2\/media\/1890"}],"wp:attachment":[{"href":"https:\/\/diariodigitalmx.com\/index.php\/wp-json\/wp\/v2\/media?parent=1889"}],"wp:term":[{"taxonomy":"category","embeddable":true,"href":"https:\/\/diariodigitalmx.com\/index.php\/wp-json\/wp\/v2\/categories?post=1889"},{"taxonomy":"post_tag","embeddable":true,"href":"https:\/\/diariodigitalmx.com\/index.php\/wp-json\/wp\/v2\/tags?post=1889"}],"curies":[{"name":"wp","href":"https:\/\/api.w.org\/{rel}","templated":true}]}}