{"id":1895,"date":"2019-04-03T13:31:38","date_gmt":"2019-04-03T19:31:38","guid":{"rendered":"http:\/\/diariodigitalmx.com\/?p=1895"},"modified":"2019-04-03T13:31:39","modified_gmt":"2019-04-03T19:31:39","slug":"pintan-perros-de-color-verde-en-cadereyta-n-l","status":"publish","type":"post","link":"https:\/\/diariodigitalmx.com\/index.php\/2019\/04\/03\/pintan-perros-de-color-verde-en-cadereyta-n-l\/","title":{"rendered":"Pintan perros de color verde en Cadereyta, N. L."},"content":{"rendered":"\n<p>David Casas<\/p>\n\n\n\n<p>Cadereyta Jim\u00e9nez, N. L.- &nbsp;Las autoridades municipales y organizaciones protectoras de animales iniciaron una investigaci\u00f3n para detectar a personas que han iniciado la pinta de perros con pintura verde.<\/p>\n\n\n\n<p>En Cadereyta, a unos 30 kil\u00f3metros al oriente de Monterrey, una poblaci\u00f3n de poco m\u00e1s de cien ml habitantes, a \u00faltimas fechas se ha detectado que numerosos perros est\u00e1n pintados en su cuerpo con una pintura color verde sin que se sepa qui\u00e9n o quien lo hacen.<\/p>\n\n\n\n<p>Sin embargo, un automovilista detect\u00f3 a dos personas las que fueron captadas en un v\u00eddeo que circula en redes sociales. Dos individuos circulaban en un triciclo por calles de la localidad acompa\u00f1ados de varios&nbsp;perros&nbsp;pintados en ese color.<\/p>\n\n\n\n<p>Los hombres, que no han sido identificados, dijeron a pregunta del conductor del veh\u00edculo que los videograb\u00f3, que los pintaron de ese color porque &#8220;es la moda&#8221;.<\/p>\n\n\n\n<p>&#8220;Porque es la moda, traigo tres, cuatro (perros), si tienes uno para pintarlo&#8221;, responde uno de los hombres.<\/p>\n\n\n\n<p>En el v\u00eddeo no se especifica con qu\u00e9 tipo de pintura fueron pintados los perros, sin embargo, aunque no hay una versi\u00f3n oficial, se sabe que la autoridad municipal ha iniciado una investigaci\u00f3n y se gir\u00f3 instrfucciones a los agentes policiacos y de tr\u00e1nsito que denuncien cualquier situaci\u00f3n al respecto.<\/p>\n\n\n\n<p>Lo anterior, tras queja de organizaciones protectoras de animales de esa comunidad y de Monterrey.<\/p>\n","protected":false},"excerpt":{"rendered":"<p>David Casas Cadereyta Jim\u00e9nez, N. L.- &nbsp;Las autoridades municipales y organizaciones protectoras de animales iniciaron una investigaci\u00f3n para detectar a personas que han iniciado la pinta de perros con pintura verde. En Cadereyta, a unos 30 kil\u00f3metros al oriente de Monterrey, una poblaci\u00f3n de poco m\u00e1s de cien ml habitantes, a \u00faltimas fechas se ha [&hellip;]<\/p>\n","protected":false},"author":1,"featured_media":1896,"comment_status":"open","ping_status":"open","sticky":true,"template":"","format":"standard","meta":{"footnotes":""},"categories":[6],"tags":[],"_links":{"self":[{"href":"https:\/\/diariodigitalmx.com\/index.php\/wp-json\/wp\/v2\/posts\/1895"}],"collection":[{"href":"https:\/\/diariodigitalmx.com\/index.php\/wp-json\/wp\/v2\/posts"}],"about":[{"href":"https:\/\/diariodigitalmx.com\/index.php\/wp-json\/wp\/v2\/types\/post"}],"author":[{"embeddable":true,"href":"https:\/\/diariodigitalmx.com\/index.php\/wp-json\/wp\/v2\/users\/1"}],"replies":[{"embeddable":true,"href":"https:\/\/diariodigitalmx.com\/index.php\/wp-json\/wp\/v2\/comments?post=1895"}],"version-history":[{"count":1,"href":"https:\/\/diariodigitalmx.com\/index.php\/wp-json\/wp\/v2\/posts\/1895\/revisions"}],"predecessor-version":[{"id":1897,"href":"https:\/\/diariodigitalmx.com\/index.php\/wp-json\/wp\/v2\/posts\/1895\/revisions\/1897"}],"wp:featuredmedia":[{"embeddable":true,"href":"https:\/\/diariodigitalmx.com\/index.php\/wp-json\/wp\/v2\/media\/1896"}],"wp:attachment":[{"href":"https:\/\/diariodigitalmx.com\/index.php\/wp-json\/wp\/v2\/media?parent=1895"}],"wp:term":[{"taxonomy":"category","embeddable":true,"href":"https:\/\/diariodigitalmx.com\/index.php\/wp-json\/wp\/v2\/categories?post=1895"},{"taxonomy":"post_tag","embeddable":true,"href":"https:\/\/diariodigitalmx.com\/index.php\/wp-json\/wp\/v2\/tags?post=1895"}],"curies":[{"name":"wp","href":"https:\/\/api.w.org\/{rel}","templated":true}]}}