{"id":1901,"date":"2019-04-03T16:07:02","date_gmt":"2019-04-03T22:07:02","guid":{"rendered":"http:\/\/diariodigitalmx.com\/?p=1901"},"modified":"2019-04-03T16:07:03","modified_gmt":"2019-04-03T22:07:03","slug":"por-cierto-21","status":"publish","type":"post","link":"https:\/\/diariodigitalmx.com\/index.php\/2019\/04\/03\/por-cierto-21\/","title":{"rendered":"Por cierto&#8230;"},"content":{"rendered":"\n<p>\n\n\u00d3scar Tamez Rodr\u00edguez\n\n<\/p>\n\n\n\n<p> La CNTE amaga en el Congreso, exige irracionalidades como el que ellos controlen contrataciones en las plazas, ojal\u00e1 el Congreso se amarre y no cedan ante las exigencias.<\/p>\n\n\n\n<p> Lo malo de todo es que si los diputados de la CNTE y los del PT se aferran a apoyar a los nefastos centistas, se corre el riesgo de que no haya reforma y quede la legislaci\u00f3n educativa tal cual est\u00e1; eso s\u00ed da\u00f1a a los cientos de miles de profes m\u00e1s que hay en el pa\u00eds y son v\u00edctimas de la ley Pe\u00f1a Nieto\u2026 <\/p>\n\n\n\n<p>El INEGI informa sobre la conectividad en M\u00e9xico, solo el 65% de los mexicanos tienen acceso al internet y en los hogares nada m\u00e1s el 53%. Nuevo Le\u00f3n ocupa el 4 lugar en acceso a la red con el 80% de su poblaci\u00f3n conectada.<\/p>\n\n\n\n<p> M\u00e9xico desciende, hace 9 a\u00f1os estaba entre los primeros 10 pa\u00edses del mundo en uso de Internet y ahora ocupa el lugar 13 de entre 15 naciones, en Am\u00e9rica, por debajo de EUA y Brasil. Seguimos siendo una naci\u00f3n de campesinos y pobres excluidos, 4 de cada 10 mexicanos no entran a la era de la sociedad del conocimiento.<\/p>\n\n\n\n<p><a rel=\"noreferrer noopener\" href=\"http:\/\/www.estudiospoliticos.mx\/\" target=\"_blank\">www.estudiospoliticos.mx<\/a><\/p>\n\n\n\n<p>@EstudiosMx<\/p>\n\n\n\n<p><a rel=\"noreferrer noopener\" href=\"http:\/\/www.facebook.com\/EstudiosPoliticos.mx\" target=\"_blank\">www.facebook.com\/EstudiosPoliticos.mx<\/a><\/p>\n\n\n\n<p><br><\/p>\n","protected":false},"excerpt":{"rendered":"<p>\u00d3scar Tamez Rodr\u00edguez La CNTE amaga en el Congreso, exige irracionalidades como el que ellos controlen contrataciones en las plazas, ojal\u00e1 el Congreso se amarre y no cedan ante las exigencias. Lo malo de todo es que si los diputados de la CNTE y los del PT se aferran a apoyar a los nefastos centistas, [&hellip;]<\/p>\n","protected":false},"author":1,"featured_media":1596,"comment_status":"open","ping_status":"open","sticky":true,"template":"","format":"standard","meta":{"footnotes":""},"categories":[12],"tags":[],"_links":{"self":[{"href":"https:\/\/diariodigitalmx.com\/index.php\/wp-json\/wp\/v2\/posts\/1901"}],"collection":[{"href":"https:\/\/diariodigitalmx.com\/index.php\/wp-json\/wp\/v2\/posts"}],"about":[{"href":"https:\/\/diariodigitalmx.com\/index.php\/wp-json\/wp\/v2\/types\/post"}],"author":[{"embeddable":true,"href":"https:\/\/diariodigitalmx.com\/index.php\/wp-json\/wp\/v2\/users\/1"}],"replies":[{"embeddable":true,"href":"https:\/\/diariodigitalmx.com\/index.php\/wp-json\/wp\/v2\/comments?post=1901"}],"version-history":[{"count":1,"href":"https:\/\/diariodigitalmx.com\/index.php\/wp-json\/wp\/v2\/posts\/1901\/revisions"}],"predecessor-version":[{"id":1902,"href":"https:\/\/diariodigitalmx.com\/index.php\/wp-json\/wp\/v2\/posts\/1901\/revisions\/1902"}],"wp:featuredmedia":[{"embeddable":true,"href":"https:\/\/diariodigitalmx.com\/index.php\/wp-json\/wp\/v2\/media\/1596"}],"wp:attachment":[{"href":"https:\/\/diariodigitalmx.com\/index.php\/wp-json\/wp\/v2\/media?parent=1901"}],"wp:term":[{"taxonomy":"category","embeddable":true,"href":"https:\/\/diariodigitalmx.com\/index.php\/wp-json\/wp\/v2\/categories?post=1901"},{"taxonomy":"post_tag","embeddable":true,"href":"https:\/\/diariodigitalmx.com\/index.php\/wp-json\/wp\/v2\/tags?post=1901"}],"curies":[{"name":"wp","href":"https:\/\/api.w.org\/{rel}","templated":true}]}}